
{"id":7295,"date":"2026-08-31T15:01:16","date_gmt":"2026-08-31T13:01:16","guid":{"rendered":"https:\/\/przedszkole136.edu.wroclaw.pl\/?p=7295"},"modified":"2026-08-31T15:01:23","modified_gmt":"2026-08-31T13:01:23","slug":"zebrania-z-rodzicami-6","status":"publish","type":"post","link":"https:\/\/przedszkole136.edu.wroclaw.pl\/index.php\/2026\/08\/31\/zebrania-z-rodzicami-6\/","title":{"rendered":"ZEBRANIA Z RODZICAMI"},"content":{"rendered":"<p>Zapraszamy na zebrania organizacyjne, kt\u00f3re odb\u0119d\u0105 si\u0119:<\/p>\n<p>02.09.2026 &#8211; Grupa Baloniki o godzinie 15.00, a o godzinie 16.00 spotkanie z pani\u0105 psycholog<\/p>\n<p>02.09.2026 &#8211; Grupa Bieguski o godzinie 15.00, a o godzinie 16.00 spotkanie z pani\u0105 psycholog<\/p>\n<p>03.09.2026 &#8211; Grupa Mali Kolarze o godzinie 15.30<\/p>\n<p>09.09.2026 &#8211; Grupa Sportowe Duszki o godzinie 15.30<\/p>\n<p>10.09.2026 &#8211; Grupa Akrobaci o godzinie 15.30<\/p>\n","protected":false},"excerpt":{"rendered":"<p>Zapraszamy na zebrania organizacyjne, kt\u00f3re odb\u0119d\u0105 si\u0119: 02.09.2026 &#8211; Grupa Baloniki o godzinie 15.00, a o godzinie 16.00 spotkanie z pani\u0105 psycholog 02.09.2026 &#8211; Grupa Bieguski o godzinie 15.00, a [&hellip;]<\/p>\n","protected":false},"author":189,"featured_media":0,"comment_status":"open","ping_status":"open","sticky":false,"template":"","format":"standard","meta":{"ngg_post_thumbnail":0,"footnotes":""},"categories":[1],"tags":[],"class_list":["post-7295","post","type-post","status-publish","format-standard","hentry","category-aktualnosci","clearfix"],"_links":{"self":[{"href":"https:\/\/przedszkole136.edu.wroclaw.pl\/index.php\/wp-json\/wp\/v2\/posts\/7295","targetHints":{"allow":["GET"]}}],"collection":[{"href":"https:\/\/przedszkole136.edu.wroclaw.pl\/index.php\/wp-json\/wp\/v2\/posts"}],"about":[{"href":"https:\/\/przedszkole136.edu.wroclaw.pl\/index.php\/wp-json\/wp\/v2\/types\/post"}],"author":[{"embeddable":true,"href":"https:\/\/przedszkole136.edu.wroclaw.pl\/index.php\/wp-json\/wp\/v2\/users\/189"}],"replies":[{"embeddable":true,"href":"https:\/\/przedszkole136.edu.wroclaw.pl\/index.php\/wp-json\/wp\/v2\/comments?post=7295"}],"version-history":[{"count":2,"href":"https:\/\/przedszkole136.edu.wroclaw.pl\/index.php\/wp-json\/wp\/v2\/posts\/7295\/revisions"}],"predecessor-version":[{"id":7297,"href":"https:\/\/przedszkole136.edu.wroclaw.pl\/index.php\/wp-json\/wp\/v2\/posts\/7295\/revisions\/7297"}],"wp:attachment":[{"href":"https:\/\/przedszkole136.edu.wroclaw.pl\/index.php\/wp-json\/wp\/v2\/media?parent=7295"}],"wp:term":[{"taxonomy":"category","embeddable":true,"href":"https:\/\/przedszkole136.edu.wroclaw.pl\/index.php\/wp-json\/wp\/v2\/categories?post=7295"},{"taxonomy":"post_tag","embeddable":true,"href":"https:\/\/przedszkole136.edu.wroclaw.pl\/index.php\/wp-json\/wp\/v2\/tags?post=7295"}],"curies":[{"name":"wp","href":"https:\/\/api.w.org\/{rel}","templated":true}]}}