
{"id":7187,"date":"2026-04-28T10:43:41","date_gmt":"2026-04-28T08:43:41","guid":{"rendered":"https:\/\/przedszkole136.edu.wroclaw.pl\/?p=7187"},"modified":"2026-04-28T10:44:13","modified_gmt":"2026-04-28T08:44:13","slug":"akademia-krokieta-i-lamy-3","status":"publish","type":"post","link":"https:\/\/przedszkole136.edu.wroclaw.pl\/index.php\/2026\/04\/28\/akademia-krokieta-i-lamy-3\/","title":{"rendered":"Akademia Krokieta i Lamy"},"content":{"rendered":"<p>Ekologia to \u015bwietny pretekst do dodatkowej aktywno\u015bci! \u267b\ufe0f\ud83c\udf0d W tym miesi\u0105cu, w ramach projektu \u201eEdukacja w ruchu\u201d, skorzystali\u015bmy z materia\u0142\u00f3w Akademii Krokieta i Lamy sprawdzaj\u0105c nasz\u0105 wiedz\u0119 w ruchu! \ud83e\udd38\u200d\u2640\ufe0f<\/p>\n<p>Dzie\u0144 ZIemi to idealny pow\u00f3d do ruchu! \ud83d\udc26\ud83c\udf31 By\u0142o du\u017co energii, \u015bmiechu i nauki przez dzia\u0142anie &#8211; dok\u0142adnie tak, jak lubimy najbardziej \ud83d\udcaa\ud83d\ude0a<\/p>\n<p>#edukacjawruchu #edukacjawruchuWroclaw #PhysicallyActiveLearning #moveforfun #moveforfunpoland @FundacjaV4Sport @Akademia Wychowania Fizycznego we Wroc\u0142awiu @AkademiaKrokietaiLamy @wroclaw.wroclove<\/p>\n","protected":false},"excerpt":{"rendered":"<p>Ekologia to \u015bwietny pretekst do dodatkowej aktywno\u015bci! \u267b\ufe0f\ud83c\udf0d W tym miesi\u0105cu, w ramach projektu \u201eEdukacja w ruchu\u201d, skorzystali\u015bmy z materia\u0142\u00f3w Akademii Krokieta i Lamy sprawdzaj\u0105c nasz\u0105 wiedz\u0119 w ruchu! \ud83e\udd38\u200d\u2640\ufe0f [&hellip;]<\/p>\n","protected":false},"author":495,"featured_media":7188,"comment_status":"open","ping_status":"open","sticky":false,"template":"","format":"standard","meta":{"ngg_post_thumbnail":0,"footnotes":""},"categories":[1],"tags":[],"class_list":["post-7187","post","type-post","status-publish","format-standard","has-post-thumbnail","hentry","category-aktualnosci","clearfix"],"_links":{"self":[{"href":"https:\/\/przedszkole136.edu.wroclaw.pl\/index.php\/wp-json\/wp\/v2\/posts\/7187","targetHints":{"allow":["GET"]}}],"collection":[{"href":"https:\/\/przedszkole136.edu.wroclaw.pl\/index.php\/wp-json\/wp\/v2\/posts"}],"about":[{"href":"https:\/\/przedszkole136.edu.wroclaw.pl\/index.php\/wp-json\/wp\/v2\/types\/post"}],"author":[{"embeddable":true,"href":"https:\/\/przedszkole136.edu.wroclaw.pl\/index.php\/wp-json\/wp\/v2\/users\/495"}],"replies":[{"embeddable":true,"href":"https:\/\/przedszkole136.edu.wroclaw.pl\/index.php\/wp-json\/wp\/v2\/comments?post=7187"}],"version-history":[{"count":1,"href":"https:\/\/przedszkole136.edu.wroclaw.pl\/index.php\/wp-json\/wp\/v2\/posts\/7187\/revisions"}],"predecessor-version":[{"id":7189,"href":"https:\/\/przedszkole136.edu.wroclaw.pl\/index.php\/wp-json\/wp\/v2\/posts\/7187\/revisions\/7189"}],"wp:featuredmedia":[{"embeddable":true,"href":"https:\/\/przedszkole136.edu.wroclaw.pl\/index.php\/wp-json\/wp\/v2\/media\/7188"}],"wp:attachment":[{"href":"https:\/\/przedszkole136.edu.wroclaw.pl\/index.php\/wp-json\/wp\/v2\/media?parent=7187"}],"wp:term":[{"taxonomy":"category","embeddable":true,"href":"https:\/\/przedszkole136.edu.wroclaw.pl\/index.php\/wp-json\/wp\/v2\/categories?post=7187"},{"taxonomy":"post_tag","embeddable":true,"href":"https:\/\/przedszkole136.edu.wroclaw.pl\/index.php\/wp-json\/wp\/v2\/tags?post=7187"}],"curies":[{"name":"wp","href":"https:\/\/api.w.org\/{rel}","templated":true}]}}