
{"id":6917,"date":"2025-12-08T11:33:12","date_gmt":"2025-12-08T10:33:12","guid":{"rendered":"https:\/\/przedszkole136.edu.wroclaw.pl\/?p=6917"},"modified":"2025-12-08T11:33:12","modified_gmt":"2025-12-08T10:33:12","slug":"swiateczny-nastroj","status":"publish","type":"post","link":"https:\/\/przedszkole136.edu.wroclaw.pl\/index.php\/2025\/12\/08\/swiateczny-nastroj\/","title":{"rendered":"\u015awi\u0105teczny nastr\u00f3j"},"content":{"rendered":"<p><img loading=\"lazy\" decoding=\"async\" class=\"alignnone size-medium wp-image-6919\" src=\"https:\/\/przedszkole136.edu.wroclaw.pl\/wp-content\/uploads\/sites\/59\/2025\/12\/20251204_101137-300x225.jpg\" alt=\"\" width=\"300\" height=\"225\" srcset=\"https:\/\/przedszkole136.edu.wroclaw.pl\/wp-content\/uploads\/sites\/59\/2025\/12\/20251204_101137-300x225.jpg 300w, https:\/\/przedszkole136.edu.wroclaw.pl\/wp-content\/uploads\/sites\/59\/2025\/12\/20251204_101137-1024x768.jpg 1024w, https:\/\/przedszkole136.edu.wroclaw.pl\/wp-content\/uploads\/sites\/59\/2025\/12\/20251204_101137-768x576.jpg 768w, https:\/\/przedszkole136.edu.wroclaw.pl\/wp-content\/uploads\/sites\/59\/2025\/12\/20251204_101137-1536x1152.jpg 1536w, https:\/\/przedszkole136.edu.wroclaw.pl\/wp-content\/uploads\/sites\/59\/2025\/12\/20251204_101137-2048x1536.jpg 2048w\" sizes=\"auto, (max-width: 300px) 100vw, 300px\" \/> <img loading=\"lazy\" decoding=\"async\" class=\"alignnone size-medium wp-image-6920\" src=\"https:\/\/przedszkole136.edu.wroclaw.pl\/wp-content\/uploads\/sites\/59\/2025\/12\/20251204_101158-300x225.jpg\" alt=\"\" width=\"300\" height=\"225\" srcset=\"https:\/\/przedszkole136.edu.wroclaw.pl\/wp-content\/uploads\/sites\/59\/2025\/12\/20251204_101158-300x225.jpg 300w, https:\/\/przedszkole136.edu.wroclaw.pl\/wp-content\/uploads\/sites\/59\/2025\/12\/20251204_101158-1024x768.jpg 1024w, https:\/\/przedszkole136.edu.wroclaw.pl\/wp-content\/uploads\/sites\/59\/2025\/12\/20251204_101158-768x576.jpg 768w, https:\/\/przedszkole136.edu.wroclaw.pl\/wp-content\/uploads\/sites\/59\/2025\/12\/20251204_101158-1536x1152.jpg 1536w, https:\/\/przedszkole136.edu.wroclaw.pl\/wp-content\/uploads\/sites\/59\/2025\/12\/20251204_101158-2048x1536.jpg 2048w\" sizes=\"auto, (max-width: 300px) 100vw, 300px\" \/><\/p>\n","protected":false},"excerpt":{"rendered":"","protected":false},"author":189,"featured_media":6918,"comment_status":"open","ping_status":"open","sticky":false,"template":"","format":"standard","meta":{"ngg_post_thumbnail":0,"footnotes":""},"categories":[1],"tags":[],"class_list":["post-6917","post","type-post","status-publish","format-standard","has-post-thumbnail","hentry","category-aktualnosci","clearfix"],"_links":{"self":[{"href":"https:\/\/przedszkole136.edu.wroclaw.pl\/index.php\/wp-json\/wp\/v2\/posts\/6917","targetHints":{"allow":["GET"]}}],"collection":[{"href":"https:\/\/przedszkole136.edu.wroclaw.pl\/index.php\/wp-json\/wp\/v2\/posts"}],"about":[{"href":"https:\/\/przedszkole136.edu.wroclaw.pl\/index.php\/wp-json\/wp\/v2\/types\/post"}],"author":[{"embeddable":true,"href":"https:\/\/przedszkole136.edu.wroclaw.pl\/index.php\/wp-json\/wp\/v2\/users\/189"}],"replies":[{"embeddable":true,"href":"https:\/\/przedszkole136.edu.wroclaw.pl\/index.php\/wp-json\/wp\/v2\/comments?post=6917"}],"version-history":[{"count":2,"href":"https:\/\/przedszkole136.edu.wroclaw.pl\/index.php\/wp-json\/wp\/v2\/posts\/6917\/revisions"}],"predecessor-version":[{"id":6922,"href":"https:\/\/przedszkole136.edu.wroclaw.pl\/index.php\/wp-json\/wp\/v2\/posts\/6917\/revisions\/6922"}],"wp:featuredmedia":[{"embeddable":true,"href":"https:\/\/przedszkole136.edu.wroclaw.pl\/index.php\/wp-json\/wp\/v2\/media\/6918"}],"wp:attachment":[{"href":"https:\/\/przedszkole136.edu.wroclaw.pl\/index.php\/wp-json\/wp\/v2\/media?parent=6917"}],"wp:term":[{"taxonomy":"category","embeddable":true,"href":"https:\/\/przedszkole136.edu.wroclaw.pl\/index.php\/wp-json\/wp\/v2\/categories?post=6917"},{"taxonomy":"post_tag","embeddable":true,"href":"https:\/\/przedszkole136.edu.wroclaw.pl\/index.php\/wp-json\/wp\/v2\/tags?post=6917"}],"curies":[{"name":"wp","href":"https:\/\/api.w.org\/{rel}","templated":true}]}}