
{"id":5660,"date":"2024-04-12T15:05:39","date_gmt":"2024-04-12T13:05:39","guid":{"rendered":"https:\/\/przedszkole136.edu.wroclaw.pl\/?p=5660"},"modified":"2024-04-12T15:05:43","modified_gmt":"2024-04-12T13:05:43","slug":"przedszkolaki-swietuja-dzien-czekolady","status":"publish","type":"post","link":"https:\/\/przedszkole136.edu.wroclaw.pl\/index.php\/2024\/04\/12\/przedszkolaki-swietuja-dzien-czekolady\/","title":{"rendered":"Przedszkolaki \u015bwi\u0119tuj\u0105 Dzie\u0144 Czekolady"},"content":{"rendered":"<p>W pi\u0105tek 12 kwietnia w naszym przedszkolu \u015bwi\u0119towali\u015bmy najs\u0142odszy dzie\u0144 w roku &#8211; Dzie\u0144 Czekolady!<\/p>\n<p>Dzieci z wielkim zapa\u0142em podesz\u0142y do tego \u015bwi\u0119ta, a ich czekoladowe u\u015bmiechy s\u0105 tego najlepszym dowodem. \u017byczymy, aby ka\u017cdy dzie\u0144 by\u0142 tak s\u0142odki, jak dzisiaj!<\/p>\n","protected":false},"excerpt":{"rendered":"<p>W pi\u0105tek 12 kwietnia w naszym przedszkolu \u015bwi\u0119towali\u015bmy najs\u0142odszy dzie\u0144 w roku &#8211; Dzie\u0144 Czekolady! Dzieci z wielkim zapa\u0142em podesz\u0142y do tego \u015bwi\u0119ta, a ich czekoladowe u\u015bmiechy s\u0105 tego najlepszym [&hellip;]<\/p>\n","protected":false},"author":188,"featured_media":5661,"comment_status":"open","ping_status":"open","sticky":false,"template":"","format":"standard","meta":{"ngg_post_thumbnail":0,"footnotes":""},"categories":[1],"tags":[],"class_list":["post-5660","post","type-post","status-publish","format-standard","has-post-thumbnail","hentry","category-aktualnosci","clearfix"],"_links":{"self":[{"href":"https:\/\/przedszkole136.edu.wroclaw.pl\/index.php\/wp-json\/wp\/v2\/posts\/5660","targetHints":{"allow":["GET"]}}],"collection":[{"href":"https:\/\/przedszkole136.edu.wroclaw.pl\/index.php\/wp-json\/wp\/v2\/posts"}],"about":[{"href":"https:\/\/przedszkole136.edu.wroclaw.pl\/index.php\/wp-json\/wp\/v2\/types\/post"}],"author":[{"embeddable":true,"href":"https:\/\/przedszkole136.edu.wroclaw.pl\/index.php\/wp-json\/wp\/v2\/users\/188"}],"replies":[{"embeddable":true,"href":"https:\/\/przedszkole136.edu.wroclaw.pl\/index.php\/wp-json\/wp\/v2\/comments?post=5660"}],"version-history":[{"count":1,"href":"https:\/\/przedszkole136.edu.wroclaw.pl\/index.php\/wp-json\/wp\/v2\/posts\/5660\/revisions"}],"predecessor-version":[{"id":5662,"href":"https:\/\/przedszkole136.edu.wroclaw.pl\/index.php\/wp-json\/wp\/v2\/posts\/5660\/revisions\/5662"}],"wp:featuredmedia":[{"embeddable":true,"href":"https:\/\/przedszkole136.edu.wroclaw.pl\/index.php\/wp-json\/wp\/v2\/media\/5661"}],"wp:attachment":[{"href":"https:\/\/przedszkole136.edu.wroclaw.pl\/index.php\/wp-json\/wp\/v2\/media?parent=5660"}],"wp:term":[{"taxonomy":"category","embeddable":true,"href":"https:\/\/przedszkole136.edu.wroclaw.pl\/index.php\/wp-json\/wp\/v2\/categories?post=5660"},{"taxonomy":"post_tag","embeddable":true,"href":"https:\/\/przedszkole136.edu.wroclaw.pl\/index.php\/wp-json\/wp\/v2\/tags?post=5660"}],"curies":[{"name":"wp","href":"https:\/\/api.w.org\/{rel}","templated":true}]}}