
{"id":5566,"date":"2023-12-13T13:10:52","date_gmt":"2023-12-13T12:10:52","guid":{"rendered":"https:\/\/przedszkole136.edu.wroclaw.pl\/?p=5566"},"modified":"2023-12-13T13:10:52","modified_gmt":"2023-12-13T12:10:52","slug":"deklaracja-pobytu-dzieci","status":"publish","type":"post","link":"https:\/\/przedszkole136.edu.wroclaw.pl\/index.php\/2023\/12\/13\/deklaracja-pobytu-dzieci\/","title":{"rendered":"Deklaracja pobytu dzieci"},"content":{"rendered":"<p style=\"padding-left: 40px\">Drodzy Rodzice, prosimy o wype\u0142nianie deklaracji pobytu dzieci w przedszkolu w dniach mi\u0119dzy \u015bwi\u0119tami tj. 27, 28, 29 grudnia. Deklaracje u nauczycielek na grupach<\/p>\n","protected":false},"excerpt":{"rendered":"<p>Drodzy Rodzice, prosimy o wype\u0142nianie deklaracji pobytu dzieci w przedszkolu w dniach mi\u0119dzy \u015bwi\u0119tami tj. 27, 28, 29 grudnia. Deklaracje u nauczycielek na grupach<\/p>\n","protected":false},"author":189,"featured_media":0,"comment_status":"open","ping_status":"open","sticky":false,"template":"","format":"standard","meta":{"ngg_post_thumbnail":0,"footnotes":""},"categories":[1],"tags":[],"class_list":["post-5566","post","type-post","status-publish","format-standard","hentry","category-aktualnosci","clearfix"],"_links":{"self":[{"href":"https:\/\/przedszkole136.edu.wroclaw.pl\/index.php\/wp-json\/wp\/v2\/posts\/5566","targetHints":{"allow":["GET"]}}],"collection":[{"href":"https:\/\/przedszkole136.edu.wroclaw.pl\/index.php\/wp-json\/wp\/v2\/posts"}],"about":[{"href":"https:\/\/przedszkole136.edu.wroclaw.pl\/index.php\/wp-json\/wp\/v2\/types\/post"}],"author":[{"embeddable":true,"href":"https:\/\/przedszkole136.edu.wroclaw.pl\/index.php\/wp-json\/wp\/v2\/users\/189"}],"replies":[{"embeddable":true,"href":"https:\/\/przedszkole136.edu.wroclaw.pl\/index.php\/wp-json\/wp\/v2\/comments?post=5566"}],"version-history":[{"count":1,"href":"https:\/\/przedszkole136.edu.wroclaw.pl\/index.php\/wp-json\/wp\/v2\/posts\/5566\/revisions"}],"predecessor-version":[{"id":5567,"href":"https:\/\/przedszkole136.edu.wroclaw.pl\/index.php\/wp-json\/wp\/v2\/posts\/5566\/revisions\/5567"}],"wp:attachment":[{"href":"https:\/\/przedszkole136.edu.wroclaw.pl\/index.php\/wp-json\/wp\/v2\/media?parent=5566"}],"wp:term":[{"taxonomy":"category","embeddable":true,"href":"https:\/\/przedszkole136.edu.wroclaw.pl\/index.php\/wp-json\/wp\/v2\/categories?post=5566"},{"taxonomy":"post_tag","embeddable":true,"href":"https:\/\/przedszkole136.edu.wroclaw.pl\/index.php\/wp-json\/wp\/v2\/tags?post=5566"}],"curies":[{"name":"wp","href":"https:\/\/api.w.org\/{rel}","templated":true}]}}