
{"id":5555,"date":"2023-12-08T15:45:38","date_gmt":"2023-12-08T14:45:38","guid":{"rendered":"https:\/\/przedszkole136.edu.wroclaw.pl\/?p=5555"},"modified":"2023-12-08T15:45:38","modified_gmt":"2023-12-08T14:45:38","slug":"kiermasz-swiateczny-2","status":"publish","type":"post","link":"https:\/\/przedszkole136.edu.wroclaw.pl\/index.php\/2023\/12\/08\/kiermasz-swiateczny-2\/","title":{"rendered":"Kiermasz \u015awi\u0105teczny"},"content":{"rendered":"<p><span style=\"font-size: 18pt\">Drodzy Rodzice!<\/span><\/p>\n<p><span style=\"font-size: 18pt\">Ju\u017c w przysz\u0142ym tygodniu, w czwartek i pi\u0105tek Rada Rodzic\u00f3w organizuje coroczny KIERMASZ \u015aWI\u0104TECZNY <span class=\"x3nfvp2 x1j61x8r x1fcty0u xdj266r xhhsvwb xat24cr xgzva0m xxymvpz xlup9mm x1kky2od\"><img loading=\"lazy\" decoding=\"async\" class=\"xz74otr\" src=\"https:\/\/static.xx.fbcdn.net\/images\/emoji.php\/v9\/t2\/1\/16\/1f60d.png\" alt=\"\ud83d\ude0d\" width=\"16\" height=\"16\" \/><\/span><span class=\"x3nfvp2 x1j61x8r x1fcty0u xdj266r xhhsvwb xat24cr xgzva0m xxymvpz xlup9mm x1kky2od\"><img loading=\"lazy\" decoding=\"async\" class=\"xz74otr\" src=\"https:\/\/static.xx.fbcdn.net\/images\/emoji.php\/v9\/td2\/1\/16\/1f967.png\" alt=\"\ud83e\udd67\" width=\"16\" height=\"16\" \/><\/span><span class=\"x3nfvp2 x1j61x8r x1fcty0u xdj266r xhhsvwb xat24cr xgzva0m xxymvpz xlup9mm x1kky2od\"><img loading=\"lazy\" decoding=\"async\" class=\"xz74otr\" src=\"https:\/\/static.xx.fbcdn.net\/images\/emoji.php\/v9\/t7\/1\/16\/1f384.png\" alt=\"\ud83c\udf84\" width=\"16\" height=\"16\" \/><\/span><\/span><br \/>\n<span style=\"font-size: 18pt\">Nie uda si\u0119 bez Waszej pomocy- dlatego jak co roku BARDZO prosimy o upieczenie czego\u015b dobrego\u00a0<span class=\"x3nfvp2 x1j61x8r x1fcty0u xdj266r xhhsvwb xat24cr xgzva0m xxymvpz xlup9mm x1kky2od\"><img loading=\"lazy\" decoding=\"async\" class=\"xz74otr\" src=\"https:\/\/static.xx.fbcdn.net\/images\/emoji.php\/v9\/t0\/1\/16\/1f60b.png\" alt=\"\ud83d\ude0b\" width=\"16\" height=\"16\" \/><\/span> Ch\u0119tnych prosimy o zapisywanie si\u0119 na listy, kt\u00f3re s\u0105 wywieszone na drzwiach poszczeg\u00f3lnych grup.<\/span><br \/>\n<span style=\"font-size: 18pt\">A je\u015bli kto\u015b nie urodzi\u0142 si\u0119 cukiernikiem tylko artyst\u0105 i chcia\u0142by wesprze\u0107 kiermasz jakim\u015b r\u0119kodzie\u0142em to r\u00f3wnie\u017c ch\u0119tnie je przyjmiemy\u00a0<span class=\"x3nfvp2 x1j61x8r x1fcty0u xdj266r xhhsvwb xat24cr xgzva0m xxymvpz xlup9mm x1kky2od\"><img loading=\"lazy\" decoding=\"async\" class=\"xz74otr\" src=\"https:\/\/static.xx.fbcdn.net\/images\/emoji.php\/v9\/t57\/1\/16\/1f609.png\" alt=\"\ud83d\ude09\" width=\"16\" height=\"16\" \/><br \/>\n<\/span>Na kiermaszu b\u0119dzie mo\u017cna kupi\u0107 tak\u017ce prace wykonane przez dzieci podczas warsztat\u00f3w \u015bwi\u0105tecznych.\u00a0<\/span><\/p>\n<p><span style=\"font-size: 18pt\">W tym roku za doch\u00f3d z Kiermaszu na pewno b\u0119dziemy chcieli kupi\u0107 dodatkowy parasol na plac zabaw. A je\u015bli uzbiera si\u0119 wi\u0119ksza kwota to na pewno co\u015b jeszcze dla naszych Dzieci <span class=\"x3nfvp2 x1j61x8r x1fcty0u xdj266r xhhsvwb xat24cr xgzva0m xxymvpz xlup9mm x1kky2od\"><img loading=\"lazy\" decoding=\"async\" class=\"xz74otr\" src=\"https:\/\/static.xx.fbcdn.net\/images\/emoji.php\/v9\/t17\/1\/16\/1f49d.png\" alt=\"\ud83d\udc9d\" width=\"16\" height=\"16\" \/><\/span><\/span><\/p>\n","protected":false},"excerpt":{"rendered":"<p>Drodzy Rodzice! Ju\u017c w przysz\u0142ym tygodniu, w czwartek i pi\u0105tek Rada Rodzic\u00f3w organizuje coroczny KIERMASZ \u015aWI\u0104TECZNY Nie uda si\u0119 bez Waszej pomocy- dlatego jak co roku BARDZO prosimy o upieczenie [&hellip;]<\/p>\n","protected":false},"author":188,"featured_media":5556,"comment_status":"open","ping_status":"open","sticky":false,"template":"","format":"standard","meta":{"ngg_post_thumbnail":0,"footnotes":""},"categories":[1],"tags":[],"class_list":["post-5555","post","type-post","status-publish","format-standard","has-post-thumbnail","hentry","category-aktualnosci","clearfix"],"_links":{"self":[{"href":"https:\/\/przedszkole136.edu.wroclaw.pl\/index.php\/wp-json\/wp\/v2\/posts\/5555","targetHints":{"allow":["GET"]}}],"collection":[{"href":"https:\/\/przedszkole136.edu.wroclaw.pl\/index.php\/wp-json\/wp\/v2\/posts"}],"about":[{"href":"https:\/\/przedszkole136.edu.wroclaw.pl\/index.php\/wp-json\/wp\/v2\/types\/post"}],"author":[{"embeddable":true,"href":"https:\/\/przedszkole136.edu.wroclaw.pl\/index.php\/wp-json\/wp\/v2\/users\/188"}],"replies":[{"embeddable":true,"href":"https:\/\/przedszkole136.edu.wroclaw.pl\/index.php\/wp-json\/wp\/v2\/comments?post=5555"}],"version-history":[{"count":1,"href":"https:\/\/przedszkole136.edu.wroclaw.pl\/index.php\/wp-json\/wp\/v2\/posts\/5555\/revisions"}],"predecessor-version":[{"id":5557,"href":"https:\/\/przedszkole136.edu.wroclaw.pl\/index.php\/wp-json\/wp\/v2\/posts\/5555\/revisions\/5557"}],"wp:featuredmedia":[{"embeddable":true,"href":"https:\/\/przedszkole136.edu.wroclaw.pl\/index.php\/wp-json\/wp\/v2\/media\/5556"}],"wp:attachment":[{"href":"https:\/\/przedszkole136.edu.wroclaw.pl\/index.php\/wp-json\/wp\/v2\/media?parent=5555"}],"wp:term":[{"taxonomy":"category","embeddable":true,"href":"https:\/\/przedszkole136.edu.wroclaw.pl\/index.php\/wp-json\/wp\/v2\/categories?post=5555"},{"taxonomy":"post_tag","embeddable":true,"href":"https:\/\/przedszkole136.edu.wroclaw.pl\/index.php\/wp-json\/wp\/v2\/tags?post=5555"}],"curies":[{"name":"wp","href":"https:\/\/api.w.org\/{rel}","templated":true}]}}