
{"id":5525,"date":"2023-06-15T22:46:51","date_gmt":"2023-06-15T20:46:51","guid":{"rendered":"https:\/\/przedszkole136.edu.wroclaw.pl\/?p=5525"},"modified":"2023-12-01T22:47:09","modified_gmt":"2023-12-01T21:47:09","slug":"wycieczka-calodniowa-calego-przedszkola","status":"publish","type":"post","link":"https:\/\/przedszkole136.edu.wroclaw.pl\/index.php\/2023\/06\/15\/wycieczka-calodniowa-calego-przedszkola\/","title":{"rendered":"WYCIECZKA CA\u0141ODNIOWA CA\u0141EGO PRZEDSZKOLA"},"content":{"rendered":"<h3 lang=\"pl\" align=\"justify\"><span style=\"font-size: 24pt;font-family: 'book antiqua', palatino\"><span style=\"color: #000000;font-family: Times New Roman, serif;font-size: large\"> W ko\u0144cu po trzech latach przerwy uda\u0142o si\u0119 wyjecha\u0107 ca\u0142ym przedszkolem na wycieczk\u0119 ca\u0142odniow\u0105. 13 czerwca wszystkie grupy pojecha\u0142y do sprawdzonej ju\u017c Zielonej Doliny. Dzieci mia\u0142y okazj\u0119 wzi\u0105\u0107 udzia\u0142 w warsztatach rolniczych i samodzielnie zasadzi\u0107 fasol\u0119, kt\u00f3ra jak si\u0119 p\u00f3\u017aniej okaza\u0142o w domach naszych maluch\u00f3w uros\u0142a to niesamotnych rozmiar\u00f3w oraz wydoi\u0107 sztuczn\u0105 koz\u0119. Dodatkowo , ka\u017cda z grup zwiedzi\u0142a gospodarstwo poznaj\u0105c mieszkaj\u0105ce tam zwierz\u0119ta. Ka\u017cde z dzieci mia\u0142o tak\u017ce mo\u017cliwo\u015b\u0107 pog\u0142askania dwutygodniowego ko\u017al\u0105tka. Mieli\u015bmy tak\u017ce do dyspozycji ogromny teren rekreacyjny na, kt\u00f3rym nie brakowa\u0142o hu\u015btawek, je\u017adzik\u00f3w, samochodzik\u00f3w, trampoliny i wszytskich innych mo\u017cliwych zabawek jakie tylko dzieci mog\u0142y by sobie wymarzy\u0107. Dzie\u0144 uwa\u017camy za bardzo udany i ju\u017c czekamy na kolejny wyjazd. <\/span><\/span><\/h3>\n","protected":false},"excerpt":{"rendered":"<p>W ko\u0144cu po trzech latach przerwy uda\u0142o si\u0119 wyjecha\u0107 ca\u0142ym przedszkolem na wycieczk\u0119 ca\u0142odniow\u0105. 13 czerwca wszystkie grupy pojecha\u0142y do sprawdzonej ju\u017c Zielonej Doliny. Dzieci mia\u0142y okazj\u0119 wzi\u0105\u0107 udzia\u0142 w [&hellip;]<\/p>\n","protected":false},"author":188,"featured_media":5526,"comment_status":"open","ping_status":"open","sticky":false,"template":"","format":"standard","meta":{"ngg_post_thumbnail":0,"footnotes":""},"categories":[1],"tags":[],"class_list":["post-5525","post","type-post","status-publish","format-standard","has-post-thumbnail","hentry","category-aktualnosci","clearfix"],"_links":{"self":[{"href":"https:\/\/przedszkole136.edu.wroclaw.pl\/index.php\/wp-json\/wp\/v2\/posts\/5525","targetHints":{"allow":["GET"]}}],"collection":[{"href":"https:\/\/przedszkole136.edu.wroclaw.pl\/index.php\/wp-json\/wp\/v2\/posts"}],"about":[{"href":"https:\/\/przedszkole136.edu.wroclaw.pl\/index.php\/wp-json\/wp\/v2\/types\/post"}],"author":[{"embeddable":true,"href":"https:\/\/przedszkole136.edu.wroclaw.pl\/index.php\/wp-json\/wp\/v2\/users\/188"}],"replies":[{"embeddable":true,"href":"https:\/\/przedszkole136.edu.wroclaw.pl\/index.php\/wp-json\/wp\/v2\/comments?post=5525"}],"version-history":[{"count":1,"href":"https:\/\/przedszkole136.edu.wroclaw.pl\/index.php\/wp-json\/wp\/v2\/posts\/5525\/revisions"}],"predecessor-version":[{"id":5527,"href":"https:\/\/przedszkole136.edu.wroclaw.pl\/index.php\/wp-json\/wp\/v2\/posts\/5525\/revisions\/5527"}],"wp:featuredmedia":[{"embeddable":true,"href":"https:\/\/przedszkole136.edu.wroclaw.pl\/index.php\/wp-json\/wp\/v2\/media\/5526"}],"wp:attachment":[{"href":"https:\/\/przedszkole136.edu.wroclaw.pl\/index.php\/wp-json\/wp\/v2\/media?parent=5525"}],"wp:term":[{"taxonomy":"category","embeddable":true,"href":"https:\/\/przedszkole136.edu.wroclaw.pl\/index.php\/wp-json\/wp\/v2\/categories?post=5525"},{"taxonomy":"post_tag","embeddable":true,"href":"https:\/\/przedszkole136.edu.wroclaw.pl\/index.php\/wp-json\/wp\/v2\/tags?post=5525"}],"curies":[{"name":"wp","href":"https:\/\/api.w.org\/{rel}","templated":true}]}}