
{"id":5235,"date":"2022-12-13T15:16:08","date_gmt":"2022-12-13T14:16:08","guid":{"rendered":"https:\/\/przedszkole136.edu.wroclaw.pl\/?p=5235"},"modified":"2022-12-13T15:16:42","modified_gmt":"2022-12-13T14:16:42","slug":"wezel-cieplny","status":"publish","type":"post","link":"https:\/\/przedszkole136.edu.wroclaw.pl\/index.php\/2022\/12\/13\/wezel-cieplny\/","title":{"rendered":"W\u0119ze\u0142 cieplny"},"content":{"rendered":"<p>Informujemy, \u017ce prace przy w\u0119\u017ale ciep\u0142owniczym zako\u0144czy\u0142y si\u0119 i kaloryfery w naszym przedszkolu ju\u017c grzej\u0105:)<\/p>\n","protected":false},"excerpt":{"rendered":"<p>Informujemy, \u017ce prace przy w\u0119\u017ale ciep\u0142owniczym zako\u0144czy\u0142y si\u0119 i kaloryfery w naszym przedszkolu ju\u017c grzej\u0105:)<\/p>\n","protected":false},"author":189,"featured_media":0,"comment_status":"open","ping_status":"open","sticky":false,"template":"","format":"standard","meta":{"ngg_post_thumbnail":0,"footnotes":""},"categories":[1],"tags":[],"class_list":["post-5235","post","type-post","status-publish","format-standard","hentry","category-aktualnosci","clearfix"],"_links":{"self":[{"href":"https:\/\/przedszkole136.edu.wroclaw.pl\/index.php\/wp-json\/wp\/v2\/posts\/5235","targetHints":{"allow":["GET"]}}],"collection":[{"href":"https:\/\/przedszkole136.edu.wroclaw.pl\/index.php\/wp-json\/wp\/v2\/posts"}],"about":[{"href":"https:\/\/przedszkole136.edu.wroclaw.pl\/index.php\/wp-json\/wp\/v2\/types\/post"}],"author":[{"embeddable":true,"href":"https:\/\/przedszkole136.edu.wroclaw.pl\/index.php\/wp-json\/wp\/v2\/users\/189"}],"replies":[{"embeddable":true,"href":"https:\/\/przedszkole136.edu.wroclaw.pl\/index.php\/wp-json\/wp\/v2\/comments?post=5235"}],"version-history":[{"count":1,"href":"https:\/\/przedszkole136.edu.wroclaw.pl\/index.php\/wp-json\/wp\/v2\/posts\/5235\/revisions"}],"predecessor-version":[{"id":5236,"href":"https:\/\/przedszkole136.edu.wroclaw.pl\/index.php\/wp-json\/wp\/v2\/posts\/5235\/revisions\/5236"}],"wp:attachment":[{"href":"https:\/\/przedszkole136.edu.wroclaw.pl\/index.php\/wp-json\/wp\/v2\/media?parent=5235"}],"wp:term":[{"taxonomy":"category","embeddable":true,"href":"https:\/\/przedszkole136.edu.wroclaw.pl\/index.php\/wp-json\/wp\/v2\/categories?post=5235"},{"taxonomy":"post_tag","embeddable":true,"href":"https:\/\/przedszkole136.edu.wroclaw.pl\/index.php\/wp-json\/wp\/v2\/tags?post=5235"}],"curies":[{"name":"wp","href":"https:\/\/api.w.org\/{rel}","templated":true}]}}