
{"id":5214,"date":"2022-11-16T16:04:30","date_gmt":"2022-11-16T15:04:30","guid":{"rendered":"https:\/\/przedszkole136.edu.wroclaw.pl\/?p=5214"},"modified":"2022-11-16T16:04:30","modified_gmt":"2022-11-16T15:04:30","slug":"dzien-pomaranczowy-3","status":"publish","type":"post","link":"https:\/\/przedszkole136.edu.wroclaw.pl\/index.php\/2022\/11\/16\/dzien-pomaranczowy-3\/","title":{"rendered":"DZIE\u0143 POMARA\u0143CZOWY"},"content":{"rendered":"<div class=\"x1e56ztr\" data-block=\"true\" data-editor=\"fp3e6\" data-offset-key=\"4dsfr-0-0\">\n<h4 class=\"_1mf _1mj\" data-offset-key=\"4dsfr-0-0\"><span style=\"color: #000000;font-family: 'book antiqua', palatino, serif;font-size: 18pt\">17 listopada w czwartek b\u0119dzie drugi ju\u017c z kolorowych dni POMARA\u0143CZOWY:D <\/span><\/h4>\n<\/div>\n<h4 class=\"_1mf _1mj\" data-offset-key=\"c6al1-0-0\"><span style=\"color: #000000;font-family: 'book antiqua', palatino, serif;font-size: 18pt\" data-offset-key=\"c6al1-0-0\"> W tym dniu panie kucharki przygotowuj\u0105 nam posi\u0142ki w\u0142a\u015bnie w tym kolorze. <\/span><\/h4>\n<div class=\"x1e56ztr\" data-block=\"true\" data-editor=\"fp3e6\" data-offset-key=\"9tgg-0-0\">\n<h4 class=\"_1mf _1mj\" data-offset-key=\"9tgg-0-0\"><span style=\"color: #000000;font-family: 'book antiqua', palatino, serif;font-size: 18pt\" data-offset-key=\"9tgg-0-0\">Prosimy, aby w tym dniu ubra\u0107 dzieci \u2013 oczywi\u015bcie w miar\u0119 mo\u017cliwo\u015bci \u2013 na POMARA\u0143CZOWO .<\/span><\/h4>\n<\/div>\n","protected":false},"excerpt":{"rendered":"<p>17 listopada w czwartek b\u0119dzie drugi ju\u017c z kolorowych dni POMARA\u0143CZOWY:D W tym dniu panie kucharki przygotowuj\u0105 nam posi\u0142ki w\u0142a\u015bnie w tym kolorze. Prosimy, aby w tym dniu ubra\u0107 dzieci [&hellip;]<\/p>\n","protected":false},"author":189,"featured_media":4984,"comment_status":"open","ping_status":"open","sticky":false,"template":"","format":"standard","meta":{"ngg_post_thumbnail":0,"footnotes":""},"categories":[1],"tags":[],"class_list":["post-5214","post","type-post","status-publish","format-standard","has-post-thumbnail","hentry","category-aktualnosci","clearfix"],"_links":{"self":[{"href":"https:\/\/przedszkole136.edu.wroclaw.pl\/index.php\/wp-json\/wp\/v2\/posts\/5214","targetHints":{"allow":["GET"]}}],"collection":[{"href":"https:\/\/przedszkole136.edu.wroclaw.pl\/index.php\/wp-json\/wp\/v2\/posts"}],"about":[{"href":"https:\/\/przedszkole136.edu.wroclaw.pl\/index.php\/wp-json\/wp\/v2\/types\/post"}],"author":[{"embeddable":true,"href":"https:\/\/przedszkole136.edu.wroclaw.pl\/index.php\/wp-json\/wp\/v2\/users\/189"}],"replies":[{"embeddable":true,"href":"https:\/\/przedszkole136.edu.wroclaw.pl\/index.php\/wp-json\/wp\/v2\/comments?post=5214"}],"version-history":[{"count":1,"href":"https:\/\/przedszkole136.edu.wroclaw.pl\/index.php\/wp-json\/wp\/v2\/posts\/5214\/revisions"}],"predecessor-version":[{"id":5215,"href":"https:\/\/przedszkole136.edu.wroclaw.pl\/index.php\/wp-json\/wp\/v2\/posts\/5214\/revisions\/5215"}],"wp:featuredmedia":[{"embeddable":true,"href":"https:\/\/przedszkole136.edu.wroclaw.pl\/index.php\/wp-json\/wp\/v2\/media\/4984"}],"wp:attachment":[{"href":"https:\/\/przedszkole136.edu.wroclaw.pl\/index.php\/wp-json\/wp\/v2\/media?parent=5214"}],"wp:term":[{"taxonomy":"category","embeddable":true,"href":"https:\/\/przedszkole136.edu.wroclaw.pl\/index.php\/wp-json\/wp\/v2\/categories?post=5214"},{"taxonomy":"post_tag","embeddable":true,"href":"https:\/\/przedszkole136.edu.wroclaw.pl\/index.php\/wp-json\/wp\/v2\/tags?post=5214"}],"curies":[{"name":"wp","href":"https:\/\/api.w.org\/{rel}","templated":true}]}}