
{"id":5132,"date":"2022-09-28T13:05:16","date_gmt":"2022-09-28T11:05:16","guid":{"rendered":"https:\/\/przedszkole136.edu.wroclaw.pl\/?p=5132"},"modified":"2022-09-28T13:05:16","modified_gmt":"2022-09-28T11:05:16","slug":"oplaty","status":"publish","type":"post","link":"https:\/\/przedszkole136.edu.wroclaw.pl\/index.php\/2022\/09\/28\/oplaty\/","title":{"rendered":"Op\u0142aty"},"content":{"rendered":"<p>Drodzy Rodzice,<\/p>\n<p>zgodnie z podj\u0119t\u0105 Uchwa\u0142\u0105 nr LVII\/1513\/22 Rady Miejskiej Wroc\u0142awia z dnia 15 wrze\u015bnia 2022 r. w sprawie ustalenia bezp\u0142atnego nauczania, wychowania i opieki oraz wysoko\u015bci op\u0142aty za korzystanie z wychowania przedszkolnego w publicznych przedszkolach i oddzia\u0142ach przedszkolnych w publicznych szko\u0142ach podstawowych prowadzonych przez gmin\u0119, od 1 pa\u017adziernika 2022 r. zwi\u0119kszona zostaje wysoko\u015b\u0107 op\u0142aty za ka\u017cd\u0105 rozpocz\u0119t\u0105 godzin\u0119 faktyczn\u0105 pobytu dziecka w przedszkolu do 1,14 z\u0142.<\/p>\n","protected":false},"excerpt":{"rendered":"<p>Drodzy Rodzice, zgodnie z podj\u0119t\u0105 Uchwa\u0142\u0105 nr LVII\/1513\/22 Rady Miejskiej Wroc\u0142awia z dnia 15 wrze\u015bnia 2022 r. w sprawie ustalenia bezp\u0142atnego nauczania, wychowania i opieki oraz wysoko\u015bci op\u0142aty za korzystanie [&hellip;]<\/p>\n","protected":false},"author":189,"featured_media":0,"comment_status":"open","ping_status":"open","sticky":false,"template":"","format":"standard","meta":{"ngg_post_thumbnail":0,"footnotes":""},"categories":[1],"tags":[],"class_list":["post-5132","post","type-post","status-publish","format-standard","hentry","category-aktualnosci","clearfix"],"_links":{"self":[{"href":"https:\/\/przedszkole136.edu.wroclaw.pl\/index.php\/wp-json\/wp\/v2\/posts\/5132","targetHints":{"allow":["GET"]}}],"collection":[{"href":"https:\/\/przedszkole136.edu.wroclaw.pl\/index.php\/wp-json\/wp\/v2\/posts"}],"about":[{"href":"https:\/\/przedszkole136.edu.wroclaw.pl\/index.php\/wp-json\/wp\/v2\/types\/post"}],"author":[{"embeddable":true,"href":"https:\/\/przedszkole136.edu.wroclaw.pl\/index.php\/wp-json\/wp\/v2\/users\/189"}],"replies":[{"embeddable":true,"href":"https:\/\/przedszkole136.edu.wroclaw.pl\/index.php\/wp-json\/wp\/v2\/comments?post=5132"}],"version-history":[{"count":2,"href":"https:\/\/przedszkole136.edu.wroclaw.pl\/index.php\/wp-json\/wp\/v2\/posts\/5132\/revisions"}],"predecessor-version":[{"id":5134,"href":"https:\/\/przedszkole136.edu.wroclaw.pl\/index.php\/wp-json\/wp\/v2\/posts\/5132\/revisions\/5134"}],"wp:attachment":[{"href":"https:\/\/przedszkole136.edu.wroclaw.pl\/index.php\/wp-json\/wp\/v2\/media?parent=5132"}],"wp:term":[{"taxonomy":"category","embeddable":true,"href":"https:\/\/przedszkole136.edu.wroclaw.pl\/index.php\/wp-json\/wp\/v2\/categories?post=5132"},{"taxonomy":"post_tag","embeddable":true,"href":"https:\/\/przedszkole136.edu.wroclaw.pl\/index.php\/wp-json\/wp\/v2\/tags?post=5132"}],"curies":[{"name":"wp","href":"https:\/\/api.w.org\/{rel}","templated":true}]}}