
{"id":5100,"date":"2022-09-12T11:22:47","date_gmt":"2022-09-12T09:22:47","guid":{"rendered":"https:\/\/przedszkole136.edu.wroclaw.pl\/?p=5100"},"modified":"2022-09-12T11:22:47","modified_gmt":"2022-09-12T09:22:47","slug":"spotkanie-rady-rodzicow-3","status":"publish","type":"post","link":"https:\/\/przedszkole136.edu.wroclaw.pl\/index.php\/2022\/09\/12\/spotkanie-rady-rodzicow-3\/","title":{"rendered":"Spotkanie Rady Rodzic\u00f3w"},"content":{"rendered":"<p>Informujemy, \u017ce spotkanie Rady Rodzic\u00f3w oraz Pani Dyrektor zaplanowane na czwartek 15 wrze\u015bnia odb\u0119dzie si\u0119 zgodnie z planem czyli o godzinie 16.30, natomiast o godzinie 15.30 zaplanowane jest spotkanie samych przedstawicieli Rady Rodzic\u00f3w.<\/p>\n<p>Serdecznie zapraszamy.<\/p>\n","protected":false},"excerpt":{"rendered":"<p>Informujemy, \u017ce spotkanie Rady Rodzic\u00f3w oraz Pani Dyrektor zaplanowane na czwartek 15 wrze\u015bnia odb\u0119dzie si\u0119 zgodnie z planem czyli o godzinie 16.30, natomiast o godzinie 15.30 zaplanowane jest spotkanie samych [&hellip;]<\/p>\n","protected":false},"author":189,"featured_media":0,"comment_status":"open","ping_status":"open","sticky":false,"template":"","format":"standard","meta":{"ngg_post_thumbnail":0,"footnotes":""},"categories":[1],"tags":[],"class_list":["post-5100","post","type-post","status-publish","format-standard","hentry","category-aktualnosci","clearfix"],"_links":{"self":[{"href":"https:\/\/przedszkole136.edu.wroclaw.pl\/index.php\/wp-json\/wp\/v2\/posts\/5100","targetHints":{"allow":["GET"]}}],"collection":[{"href":"https:\/\/przedszkole136.edu.wroclaw.pl\/index.php\/wp-json\/wp\/v2\/posts"}],"about":[{"href":"https:\/\/przedszkole136.edu.wroclaw.pl\/index.php\/wp-json\/wp\/v2\/types\/post"}],"author":[{"embeddable":true,"href":"https:\/\/przedszkole136.edu.wroclaw.pl\/index.php\/wp-json\/wp\/v2\/users\/189"}],"replies":[{"embeddable":true,"href":"https:\/\/przedszkole136.edu.wroclaw.pl\/index.php\/wp-json\/wp\/v2\/comments?post=5100"}],"version-history":[{"count":1,"href":"https:\/\/przedszkole136.edu.wroclaw.pl\/index.php\/wp-json\/wp\/v2\/posts\/5100\/revisions"}],"predecessor-version":[{"id":5101,"href":"https:\/\/przedszkole136.edu.wroclaw.pl\/index.php\/wp-json\/wp\/v2\/posts\/5100\/revisions\/5101"}],"wp:attachment":[{"href":"https:\/\/przedszkole136.edu.wroclaw.pl\/index.php\/wp-json\/wp\/v2\/media?parent=5100"}],"wp:term":[{"taxonomy":"category","embeddable":true,"href":"https:\/\/przedszkole136.edu.wroclaw.pl\/index.php\/wp-json\/wp\/v2\/categories?post=5100"},{"taxonomy":"post_tag","embeddable":true,"href":"https:\/\/przedszkole136.edu.wroclaw.pl\/index.php\/wp-json\/wp\/v2\/tags?post=5100"}],"curies":[{"name":"wp","href":"https:\/\/api.w.org\/{rel}","templated":true}]}}