
{"id":4992,"date":"2022-06-20T14:41:41","date_gmt":"2022-06-20T12:41:41","guid":{"rendered":"https:\/\/przedszkole136.edu.wroclaw.pl\/?p=4992"},"modified":"2022-06-20T14:41:41","modified_gmt":"2022-06-20T12:41:41","slug":"bieguski","status":"publish","type":"post","link":"https:\/\/przedszkole136.edu.wroclaw.pl\/index.php\/2022\/06\/20\/bieguski\/","title":{"rendered":"&#8222;Bieguski&#8221;"},"content":{"rendered":"<p>INFORMACJA DLA RODZIC\u00d3W DZIECI Z GR. &#8222;BIEGUSKI&#8221;<\/p>\n<p>21 CZERWCA 2022 (WTOREK) WYBIERAMY SI\u0118 NA WYCIECZK\u0118 Z PRZEWODNIKIEM PO RYNKU WROC\u0141AWSKIM. PROSIMY PRZYGOTOW\u0106 DZIECIOM PLECAK, BUTELK\u0118 WODY, KURTK\u0118 PRZECIWDESZCZOW\u0104, DZIEWCZYNKI &#8211; BIA\u0141E SKARPETKI LUB RAJSTOPY.<\/p>\n<p>B\u0118DZIEMY UCZESTNICZY\u0106 W PARADZIE KWIATOWEJ.<\/p>\n<p>W RAZIE DESZCZU WYCIECZKA ODWO\u0141ANA.<\/p>\n","protected":false},"excerpt":{"rendered":"<p>INFORMACJA DLA RODZIC\u00d3W DZIECI Z GR. &#8222;BIEGUSKI&#8221; 21 CZERWCA 2022 (WTOREK) WYBIERAMY SI\u0118 NA WYCIECZK\u0118 Z PRZEWODNIKIEM PO RYNKU WROC\u0141AWSKIM. PROSIMY PRZYGOTOW\u0106 DZIECIOM PLECAK, BUTELK\u0118 WODY, KURTK\u0118 PRZECIWDESZCZOW\u0104, DZIEWCZYNKI &#8211; [&hellip;]<\/p>\n","protected":false},"author":189,"featured_media":0,"comment_status":"open","ping_status":"open","sticky":false,"template":"","format":"standard","meta":{"ngg_post_thumbnail":0,"footnotes":""},"categories":[1],"tags":[],"class_list":["post-4992","post","type-post","status-publish","format-standard","hentry","category-aktualnosci","clearfix"],"_links":{"self":[{"href":"https:\/\/przedszkole136.edu.wroclaw.pl\/index.php\/wp-json\/wp\/v2\/posts\/4992","targetHints":{"allow":["GET"]}}],"collection":[{"href":"https:\/\/przedszkole136.edu.wroclaw.pl\/index.php\/wp-json\/wp\/v2\/posts"}],"about":[{"href":"https:\/\/przedszkole136.edu.wroclaw.pl\/index.php\/wp-json\/wp\/v2\/types\/post"}],"author":[{"embeddable":true,"href":"https:\/\/przedszkole136.edu.wroclaw.pl\/index.php\/wp-json\/wp\/v2\/users\/189"}],"replies":[{"embeddable":true,"href":"https:\/\/przedszkole136.edu.wroclaw.pl\/index.php\/wp-json\/wp\/v2\/comments?post=4992"}],"version-history":[{"count":2,"href":"https:\/\/przedszkole136.edu.wroclaw.pl\/index.php\/wp-json\/wp\/v2\/posts\/4992\/revisions"}],"predecessor-version":[{"id":4994,"href":"https:\/\/przedszkole136.edu.wroclaw.pl\/index.php\/wp-json\/wp\/v2\/posts\/4992\/revisions\/4994"}],"wp:attachment":[{"href":"https:\/\/przedszkole136.edu.wroclaw.pl\/index.php\/wp-json\/wp\/v2\/media?parent=4992"}],"wp:term":[{"taxonomy":"category","embeddable":true,"href":"https:\/\/przedszkole136.edu.wroclaw.pl\/index.php\/wp-json\/wp\/v2\/categories?post=4992"},{"taxonomy":"post_tag","embeddable":true,"href":"https:\/\/przedszkole136.edu.wroclaw.pl\/index.php\/wp-json\/wp\/v2\/tags?post=4992"}],"curies":[{"name":"wp","href":"https:\/\/api.w.org\/{rel}","templated":true}]}}