
{"id":4988,"date":"2022-06-20T13:17:04","date_gmt":"2022-06-20T11:17:04","guid":{"rendered":"https:\/\/przedszkole136.edu.wroclaw.pl\/?p=4988"},"modified":"2022-06-20T13:17:04","modified_gmt":"2022-06-20T11:17:04","slug":"zakonczenie-roku-szkolnego","status":"publish","type":"post","link":"https:\/\/przedszkole136.edu.wroclaw.pl\/index.php\/2022\/06\/20\/zakonczenie-roku-szkolnego\/","title":{"rendered":"Zako\u0144czenie roku szkolnego"},"content":{"rendered":"<p>SERDECZNIE ZAPRASZAMY<br \/>\nNA UROCZYSTE ZAKO\u0143CZENIE ROKU SZKOLNEGO, KT\u00d3RE ODB\u0118DZIE SI\u0118 23.06.2022 (CZWARTEK) O GODZINIE 15.00<br \/>\nW SALI GIMNASTYCZNEJ.<\/p>\n<p>DZIECI ORAZ NAUCZYCIELKI<br \/>\nGR IV \u201eAKROBACI\u201d<\/p>\n","protected":false},"excerpt":{"rendered":"<p>SERDECZNIE ZAPRASZAMY NA UROCZYSTE ZAKO\u0143CZENIE ROKU SZKOLNEGO, KT\u00d3RE ODB\u0118DZIE SI\u0118 23.06.2022 (CZWARTEK) O GODZINIE 15.00 W SALI GIMNASTYCZNEJ. DZIECI ORAZ NAUCZYCIELKI GR IV \u201eAKROBACI\u201d<\/p>\n","protected":false},"author":189,"featured_media":4989,"comment_status":"open","ping_status":"open","sticky":false,"template":"","format":"standard","meta":{"ngg_post_thumbnail":0,"footnotes":""},"categories":[1],"tags":[],"class_list":["post-4988","post","type-post","status-publish","format-standard","has-post-thumbnail","hentry","category-aktualnosci","clearfix"],"_links":{"self":[{"href":"https:\/\/przedszkole136.edu.wroclaw.pl\/index.php\/wp-json\/wp\/v2\/posts\/4988","targetHints":{"allow":["GET"]}}],"collection":[{"href":"https:\/\/przedszkole136.edu.wroclaw.pl\/index.php\/wp-json\/wp\/v2\/posts"}],"about":[{"href":"https:\/\/przedszkole136.edu.wroclaw.pl\/index.php\/wp-json\/wp\/v2\/types\/post"}],"author":[{"embeddable":true,"href":"https:\/\/przedszkole136.edu.wroclaw.pl\/index.php\/wp-json\/wp\/v2\/users\/189"}],"replies":[{"embeddable":true,"href":"https:\/\/przedszkole136.edu.wroclaw.pl\/index.php\/wp-json\/wp\/v2\/comments?post=4988"}],"version-history":[{"count":1,"href":"https:\/\/przedszkole136.edu.wroclaw.pl\/index.php\/wp-json\/wp\/v2\/posts\/4988\/revisions"}],"predecessor-version":[{"id":4990,"href":"https:\/\/przedszkole136.edu.wroclaw.pl\/index.php\/wp-json\/wp\/v2\/posts\/4988\/revisions\/4990"}],"wp:featuredmedia":[{"embeddable":true,"href":"https:\/\/przedszkole136.edu.wroclaw.pl\/index.php\/wp-json\/wp\/v2\/media\/4989"}],"wp:attachment":[{"href":"https:\/\/przedszkole136.edu.wroclaw.pl\/index.php\/wp-json\/wp\/v2\/media?parent=4988"}],"wp:term":[{"taxonomy":"category","embeddable":true,"href":"https:\/\/przedszkole136.edu.wroclaw.pl\/index.php\/wp-json\/wp\/v2\/categories?post=4988"},{"taxonomy":"post_tag","embeddable":true,"href":"https:\/\/przedszkole136.edu.wroclaw.pl\/index.php\/wp-json\/wp\/v2\/tags?post=4988"}],"curies":[{"name":"wp","href":"https:\/\/api.w.org\/{rel}","templated":true}]}}