
{"id":4962,"date":"2022-06-01T13:57:39","date_gmt":"2022-06-01T11:57:39","guid":{"rendered":"https:\/\/przedszkole136.edu.wroclaw.pl\/?p=4962"},"modified":"2022-06-02T13:59:13","modified_gmt":"2022-06-02T11:59:13","slug":"dzien-dziecka-3","status":"publish","type":"post","link":"https:\/\/przedszkole136.edu.wroclaw.pl\/index.php\/2022\/06\/01\/dzien-dziecka-3\/","title":{"rendered":"Dzie\u0144 Dziecka"},"content":{"rendered":"<p><span style=\"font-family: 'comic sans ms', sans-serif\">WSZYSTKIM DZIECIOM Z OKAZJI ICH \u015aWI\u0118TA \u017bYCZYMY U\u015aMIECHU OD UCHA DO UCHA I SPE\u0141NIENIA MARZE\u0143.\u00a0<\/span><\/p>\n","protected":false},"excerpt":{"rendered":"<p>WSZYSTKIM DZIECIOM Z OKAZJI ICH \u015aWI\u0118TA \u017bYCZYMY U\u015aMIECHU OD UCHA DO UCHA I SPE\u0141NIENIA MARZE\u0143.\u00a0<\/p>\n","protected":false},"author":189,"featured_media":4963,"comment_status":"open","ping_status":"open","sticky":false,"template":"","format":"standard","meta":{"ngg_post_thumbnail":0,"footnotes":""},"categories":[1],"tags":[],"class_list":["post-4962","post","type-post","status-publish","format-standard","has-post-thumbnail","hentry","category-aktualnosci","clearfix"],"_links":{"self":[{"href":"https:\/\/przedszkole136.edu.wroclaw.pl\/index.php\/wp-json\/wp\/v2\/posts\/4962","targetHints":{"allow":["GET"]}}],"collection":[{"href":"https:\/\/przedszkole136.edu.wroclaw.pl\/index.php\/wp-json\/wp\/v2\/posts"}],"about":[{"href":"https:\/\/przedszkole136.edu.wroclaw.pl\/index.php\/wp-json\/wp\/v2\/types\/post"}],"author":[{"embeddable":true,"href":"https:\/\/przedszkole136.edu.wroclaw.pl\/index.php\/wp-json\/wp\/v2\/users\/189"}],"replies":[{"embeddable":true,"href":"https:\/\/przedszkole136.edu.wroclaw.pl\/index.php\/wp-json\/wp\/v2\/comments?post=4962"}],"version-history":[{"count":1,"href":"https:\/\/przedszkole136.edu.wroclaw.pl\/index.php\/wp-json\/wp\/v2\/posts\/4962\/revisions"}],"predecessor-version":[{"id":4964,"href":"https:\/\/przedszkole136.edu.wroclaw.pl\/index.php\/wp-json\/wp\/v2\/posts\/4962\/revisions\/4964"}],"wp:featuredmedia":[{"embeddable":true,"href":"https:\/\/przedszkole136.edu.wroclaw.pl\/index.php\/wp-json\/wp\/v2\/media\/4963"}],"wp:attachment":[{"href":"https:\/\/przedszkole136.edu.wroclaw.pl\/index.php\/wp-json\/wp\/v2\/media?parent=4962"}],"wp:term":[{"taxonomy":"category","embeddable":true,"href":"https:\/\/przedszkole136.edu.wroclaw.pl\/index.php\/wp-json\/wp\/v2\/categories?post=4962"},{"taxonomy":"post_tag","embeddable":true,"href":"https:\/\/przedszkole136.edu.wroclaw.pl\/index.php\/wp-json\/wp\/v2\/tags?post=4962"}],"curies":[{"name":"wp","href":"https:\/\/api.w.org\/{rel}","templated":true}]}}