
{"id":4879,"date":"2022-04-29T10:44:27","date_gmt":"2022-04-29T08:44:27","guid":{"rendered":"https:\/\/przedszkole136.edu.wroclaw.pl\/?p=4879"},"modified":"2022-04-29T10:44:57","modified_gmt":"2022-04-29T08:44:57","slug":"dni-otwarte","status":"publish","type":"post","link":"https:\/\/przedszkole136.edu.wroclaw.pl\/index.php\/2022\/04\/29\/dni-otwarte\/","title":{"rendered":"DZIE\u0143 OTWARTY"},"content":{"rendered":"<p>UWAGA RODZICE DZIECI NOWOPRZYJ\u0118TYCH NA ROK SZKOLNY 2022\/2023<br \/>\nZapraszamy Pa\u0144stwa wraz z dzie\u0107mi do przedszkola dnia 24.05.2022 w godzinach 10.00-12.00. Dzieci b\u0119d\u0105 mog\u0142y pozna\u0107 jak sp\u0119dzaj\u0105 czas nasi wychowankowie w przedszkolu. Prosimy o przyniesienie ze sob\u0105 obuwia zmiennego.<\/p>\n","protected":false},"excerpt":{"rendered":"<p>UWAGA RODZICE DZIECI NOWOPRZYJ\u0118TYCH NA ROK SZKOLNY 2022\/2023 Zapraszamy Pa\u0144stwa wraz z dzie\u0107mi do przedszkola dnia 24.05.2022 w godzinach 10.00-12.00. Dzieci b\u0119d\u0105 mog\u0142y pozna\u0107 jak sp\u0119dzaj\u0105 czas nasi wychowankowie w [&hellip;]<\/p>\n","protected":false},"author":189,"featured_media":4880,"comment_status":"open","ping_status":"open","sticky":false,"template":"","format":"standard","meta":{"ngg_post_thumbnail":0,"footnotes":""},"categories":[1],"tags":[],"class_list":["post-4879","post","type-post","status-publish","format-standard","has-post-thumbnail","hentry","category-aktualnosci","clearfix"],"_links":{"self":[{"href":"https:\/\/przedszkole136.edu.wroclaw.pl\/index.php\/wp-json\/wp\/v2\/posts\/4879","targetHints":{"allow":["GET"]}}],"collection":[{"href":"https:\/\/przedszkole136.edu.wroclaw.pl\/index.php\/wp-json\/wp\/v2\/posts"}],"about":[{"href":"https:\/\/przedszkole136.edu.wroclaw.pl\/index.php\/wp-json\/wp\/v2\/types\/post"}],"author":[{"embeddable":true,"href":"https:\/\/przedszkole136.edu.wroclaw.pl\/index.php\/wp-json\/wp\/v2\/users\/189"}],"replies":[{"embeddable":true,"href":"https:\/\/przedszkole136.edu.wroclaw.pl\/index.php\/wp-json\/wp\/v2\/comments?post=4879"}],"version-history":[{"count":3,"href":"https:\/\/przedszkole136.edu.wroclaw.pl\/index.php\/wp-json\/wp\/v2\/posts\/4879\/revisions"}],"predecessor-version":[{"id":4883,"href":"https:\/\/przedszkole136.edu.wroclaw.pl\/index.php\/wp-json\/wp\/v2\/posts\/4879\/revisions\/4883"}],"wp:featuredmedia":[{"embeddable":true,"href":"https:\/\/przedszkole136.edu.wroclaw.pl\/index.php\/wp-json\/wp\/v2\/media\/4880"}],"wp:attachment":[{"href":"https:\/\/przedszkole136.edu.wroclaw.pl\/index.php\/wp-json\/wp\/v2\/media?parent=4879"}],"wp:term":[{"taxonomy":"category","embeddable":true,"href":"https:\/\/przedszkole136.edu.wroclaw.pl\/index.php\/wp-json\/wp\/v2\/categories?post=4879"},{"taxonomy":"post_tag","embeddable":true,"href":"https:\/\/przedszkole136.edu.wroclaw.pl\/index.php\/wp-json\/wp\/v2\/tags?post=4879"}],"curies":[{"name":"wp","href":"https:\/\/api.w.org\/{rel}","templated":true}]}}