
{"id":4836,"date":"2022-04-13T15:00:29","date_gmt":"2022-04-13T13:00:29","guid":{"rendered":"https:\/\/przedszkole136.edu.wroclaw.pl\/?p=4836"},"modified":"2022-04-13T15:00:29","modified_gmt":"2022-04-13T13:00:29","slug":"rozpoczynamy-wedrujacy-kiermasz-wielkanocny","status":"publish","type":"post","link":"https:\/\/przedszkole136.edu.wroclaw.pl\/index.php\/2022\/04\/13\/rozpoczynamy-wedrujacy-kiermasz-wielkanocny\/","title":{"rendered":"ROZPOCZYNAMY W\u0118DRUJ\u0104CY KIERMASZ WIELKANOCNY"},"content":{"rendered":"<p>Z braku mo\u017cliwo\u015bci zorganizowania tradycyjnego kiermaszu Wielkanocnego, a chc\u0105c zostawi\u0107 dzieciom namiastk\u0119 normalno\u015bci w \u015brod\u0119 13 kwietnia\u00a0 rozpoczynamy <strong><em>W\u0118DRUJ\u0104CY KIERMASZ PANDEMICZNY<\/em><\/strong><\/p>\n<p>W po\u0142\u0105czeniu si\u0142 Grona Pedagogicznego i Rady Rodzic\u00f3w po przeprowadzonych z dzie\u0107mi Warsztatach \u015awi\u0105tecznych zapraszamy do zakupu dzie\u0142a naszego dziecka za kwot\u0119 minimum 10z\u0142. Dzieci ju\u017c kolejny raz wzi\u0119\u0142y sprawy w swoje r\u0119ce i same zbieraj\u0105 pieni\u0105dze za kt\u00f3re Panie po \u015bwi\u0119tach kupi\u0105 im co\u015b wsp\u00f3lnego do nauki i zabawy do ich\u00a0 Sali lub zorganizuj\u0105 warsztaty czy te\u017c wyj\u015bcie.<\/p>\n<p>Ka\u017cdy Rodzic kupuje r\u0119kodzie\u0142o swojego dziecka. Pieni\u0105dze prosimy przekazywa\u0107 dziecku rano przed wej\u015bciem do szatni (najlepiej w podpisanej kopercie lub woreczku).Tego samego dnia \u015bwi\u0105teczne r\u0119kodzie\u0142o zaw\u0119druje z dzieckiem do domu<\/p>\n<p><em>Zapraszamy do w\u0142\u0105czenia si\u0119 do wsp\u00f3lnej \u015bwi\u0105tecznej zabawy i wsparcia zbi\u00f3rki dzieci.<\/em><\/p>\n<p>Zdj\u0119cia wykonanych prac prezentujemy poni\u017cej<\/p>\n<p>&nbsp;<\/p>\n<p><img loading=\"lazy\" decoding=\"async\" class=\"alignnone size-medium wp-image-4838\" src=\"https:\/\/przedszkole136.edu.wroclaw.pl\/wp-content\/uploads\/sites\/59\/2022\/04\/AKROBACI-211x300.jpg\" alt=\"\" width=\"211\" height=\"300\" srcset=\"https:\/\/przedszkole136.edu.wroclaw.pl\/wp-content\/uploads\/sites\/59\/2022\/04\/AKROBACI-211x300.jpg 211w, https:\/\/przedszkole136.edu.wroclaw.pl\/wp-content\/uploads\/sites\/59\/2022\/04\/AKROBACI.jpg 532w\" sizes=\"auto, (max-width: 211px) 100vw, 211px\" \/> <img loading=\"lazy\" decoding=\"async\" class=\"alignnone size-medium wp-image-4839\" src=\"https:\/\/przedszkole136.edu.wroclaw.pl\/wp-content\/uploads\/sites\/59\/2022\/04\/BALONIKI-211x300.jpg\" alt=\"\" width=\"211\" height=\"300\" srcset=\"https:\/\/przedszkole136.edu.wroclaw.pl\/wp-content\/uploads\/sites\/59\/2022\/04\/BALONIKI-211x300.jpg 211w, https:\/\/przedszkole136.edu.wroclaw.pl\/wp-content\/uploads\/sites\/59\/2022\/04\/BALONIKI.jpg 538w\" sizes=\"auto, (max-width: 211px) 100vw, 211px\" \/> <img loading=\"lazy\" decoding=\"async\" class=\"alignnone size-medium wp-image-4840\" src=\"https:\/\/przedszkole136.edu.wroclaw.pl\/wp-content\/uploads\/sites\/59\/2022\/04\/BIEGUSKI-210x300.jpg\" alt=\"\" width=\"210\" height=\"300\" srcset=\"https:\/\/przedszkole136.edu.wroclaw.pl\/wp-content\/uploads\/sites\/59\/2022\/04\/BIEGUSKI-210x300.jpg 210w, https:\/\/przedszkole136.edu.wroclaw.pl\/wp-content\/uploads\/sites\/59\/2022\/04\/BIEGUSKI.jpg 530w\" sizes=\"auto, (max-width: 210px) 100vw, 210px\" \/> <img loading=\"lazy\" decoding=\"async\" class=\"alignnone size-medium wp-image-4841\" src=\"https:\/\/przedszkole136.edu.wroclaw.pl\/wp-content\/uploads\/sites\/59\/2022\/04\/FUTBOLISCI-210x300.jpg\" alt=\"\" width=\"210\" height=\"300\" srcset=\"https:\/\/przedszkole136.edu.wroclaw.pl\/wp-content\/uploads\/sites\/59\/2022\/04\/FUTBOLISCI-210x300.jpg 210w, https:\/\/przedszkole136.edu.wroclaw.pl\/wp-content\/uploads\/sites\/59\/2022\/04\/FUTBOLISCI.jpg 538w\" sizes=\"auto, (max-width: 210px) 100vw, 210px\" \/> <img loading=\"lazy\" decoding=\"async\" class=\"alignnone size-medium wp-image-4842\" src=\"https:\/\/przedszkole136.edu.wroclaw.pl\/wp-content\/uploads\/sites\/59\/2022\/04\/MALI-KOLARZE-209x300.jpg\" alt=\"\" width=\"209\" height=\"300\" srcset=\"https:\/\/przedszkole136.edu.wroclaw.pl\/wp-content\/uploads\/sites\/59\/2022\/04\/MALI-KOLARZE-209x300.jpg 209w, https:\/\/przedszkole136.edu.wroclaw.pl\/wp-content\/uploads\/sites\/59\/2022\/04\/MALI-KOLARZE.jpg 540w\" sizes=\"auto, (max-width: 209px) 100vw, 209px\" \/> <img loading=\"lazy\" decoding=\"async\" class=\"alignnone size-medium wp-image-4843\" src=\"https:\/\/przedszkole136.edu.wroclaw.pl\/wp-content\/uploads\/sites\/59\/2022\/04\/SPORTOWE-DUSZKI-210x300.jpg\" alt=\"\" width=\"210\" height=\"300\" srcset=\"https:\/\/przedszkole136.edu.wroclaw.pl\/wp-content\/uploads\/sites\/59\/2022\/04\/SPORTOWE-DUSZKI-210x300.jpg 210w, https:\/\/przedszkole136.edu.wroclaw.pl\/wp-content\/uploads\/sites\/59\/2022\/04\/SPORTOWE-DUSZKI.jpg 538w\" sizes=\"auto, (max-width: 210px) 100vw, 210px\" \/><\/p>\n","protected":false},"excerpt":{"rendered":"<p>Z braku mo\u017cliwo\u015bci zorganizowania tradycyjnego kiermaszu Wielkanocnego, a chc\u0105c zostawi\u0107 dzieciom namiastk\u0119 normalno\u015bci w \u015brod\u0119 13 kwietnia\u00a0 rozpoczynamy W\u0118DRUJ\u0104CY KIERMASZ PANDEMICZNY W po\u0142\u0105czeniu si\u0142 Grona Pedagogicznego i Rady Rodzic\u00f3w po [&hellip;]<\/p>\n","protected":false},"author":189,"featured_media":4837,"comment_status":"open","ping_status":"open","sticky":false,"template":"","format":"standard","meta":{"ngg_post_thumbnail":0,"footnotes":""},"categories":[1],"tags":[],"class_list":["post-4836","post","type-post","status-publish","format-standard","has-post-thumbnail","hentry","category-aktualnosci","clearfix"],"_links":{"self":[{"href":"https:\/\/przedszkole136.edu.wroclaw.pl\/index.php\/wp-json\/wp\/v2\/posts\/4836","targetHints":{"allow":["GET"]}}],"collection":[{"href":"https:\/\/przedszkole136.edu.wroclaw.pl\/index.php\/wp-json\/wp\/v2\/posts"}],"about":[{"href":"https:\/\/przedszkole136.edu.wroclaw.pl\/index.php\/wp-json\/wp\/v2\/types\/post"}],"author":[{"embeddable":true,"href":"https:\/\/przedszkole136.edu.wroclaw.pl\/index.php\/wp-json\/wp\/v2\/users\/189"}],"replies":[{"embeddable":true,"href":"https:\/\/przedszkole136.edu.wroclaw.pl\/index.php\/wp-json\/wp\/v2\/comments?post=4836"}],"version-history":[{"count":1,"href":"https:\/\/przedszkole136.edu.wroclaw.pl\/index.php\/wp-json\/wp\/v2\/posts\/4836\/revisions"}],"predecessor-version":[{"id":4844,"href":"https:\/\/przedszkole136.edu.wroclaw.pl\/index.php\/wp-json\/wp\/v2\/posts\/4836\/revisions\/4844"}],"wp:featuredmedia":[{"embeddable":true,"href":"https:\/\/przedszkole136.edu.wroclaw.pl\/index.php\/wp-json\/wp\/v2\/media\/4837"}],"wp:attachment":[{"href":"https:\/\/przedszkole136.edu.wroclaw.pl\/index.php\/wp-json\/wp\/v2\/media?parent=4836"}],"wp:term":[{"taxonomy":"category","embeddable":true,"href":"https:\/\/przedszkole136.edu.wroclaw.pl\/index.php\/wp-json\/wp\/v2\/categories?post=4836"},{"taxonomy":"post_tag","embeddable":true,"href":"https:\/\/przedszkole136.edu.wroclaw.pl\/index.php\/wp-json\/wp\/v2\/tags?post=4836"}],"curies":[{"name":"wp","href":"https:\/\/api.w.org\/{rel}","templated":true}]}}