
{"id":4678,"date":"2022-01-26T14:23:42","date_gmt":"2022-01-26T13:23:42","guid":{"rendered":"https:\/\/przedszkole136.edu.wroclaw.pl\/?p=4678"},"modified":"2022-01-26T14:29:32","modified_gmt":"2022-01-26T13:29:32","slug":"kwarantanna-3","status":"publish","type":"post","link":"https:\/\/przedszkole136.edu.wroclaw.pl\/index.php\/2022\/01\/26\/kwarantanna-3\/","title":{"rendered":"Kwarantanna"},"content":{"rendered":"<p>Informujemy, \u017ce grupa I &#8222;Baloniki&#8221; zostaje obj\u0119ta kwarantann\u0105 w dniach 27-31 stycznia 2022, natomiast grupa II &#8222;Bieguski&#8221; obj\u0119ta jest kwarantann\u0105 do 30 stycznia 2022.<br \/>\nW przedszkolu zosta\u0142y wdro\u017cone wszelkie procedury s\u0142u\u017c\u0105ce zwalczaniu COVID-19. <\/p>\n","protected":false},"excerpt":{"rendered":"<p>Informujemy, \u017ce grupa I &#8222;Baloniki&#8221; zostaje obj\u0119ta kwarantann\u0105 w dniach 27-31 stycznia 2022, natomiast grupa II &#8222;Bieguski&#8221; obj\u0119ta jest kwarantann\u0105 do 30 stycznia 2022. W przedszkolu zosta\u0142y wdro\u017cone wszelkie procedury [&hellip;]<\/p>\n","protected":false},"author":189,"featured_media":0,"comment_status":"open","ping_status":"open","sticky":false,"template":"","format":"standard","meta":{"ngg_post_thumbnail":0,"footnotes":""},"categories":[1],"tags":[],"class_list":["post-4678","post","type-post","status-publish","format-standard","hentry","category-aktualnosci","clearfix"],"_links":{"self":[{"href":"https:\/\/przedszkole136.edu.wroclaw.pl\/index.php\/wp-json\/wp\/v2\/posts\/4678","targetHints":{"allow":["GET"]}}],"collection":[{"href":"https:\/\/przedszkole136.edu.wroclaw.pl\/index.php\/wp-json\/wp\/v2\/posts"}],"about":[{"href":"https:\/\/przedszkole136.edu.wroclaw.pl\/index.php\/wp-json\/wp\/v2\/types\/post"}],"author":[{"embeddable":true,"href":"https:\/\/przedszkole136.edu.wroclaw.pl\/index.php\/wp-json\/wp\/v2\/users\/189"}],"replies":[{"embeddable":true,"href":"https:\/\/przedszkole136.edu.wroclaw.pl\/index.php\/wp-json\/wp\/v2\/comments?post=4678"}],"version-history":[{"count":2,"href":"https:\/\/przedszkole136.edu.wroclaw.pl\/index.php\/wp-json\/wp\/v2\/posts\/4678\/revisions"}],"predecessor-version":[{"id":4681,"href":"https:\/\/przedszkole136.edu.wroclaw.pl\/index.php\/wp-json\/wp\/v2\/posts\/4678\/revisions\/4681"}],"wp:attachment":[{"href":"https:\/\/przedszkole136.edu.wroclaw.pl\/index.php\/wp-json\/wp\/v2\/media?parent=4678"}],"wp:term":[{"taxonomy":"category","embeddable":true,"href":"https:\/\/przedszkole136.edu.wroclaw.pl\/index.php\/wp-json\/wp\/v2\/categories?post=4678"},{"taxonomy":"post_tag","embeddable":true,"href":"https:\/\/przedszkole136.edu.wroclaw.pl\/index.php\/wp-json\/wp\/v2\/tags?post=4678"}],"curies":[{"name":"wp","href":"https:\/\/api.w.org\/{rel}","templated":true}]}}