
{"id":4626,"date":"2021-12-06T14:44:44","date_gmt":"2021-12-06T13:44:44","guid":{"rendered":"https:\/\/przedszkole136.edu.wroclaw.pl\/?p=4626"},"modified":"2021-12-16T14:49:08","modified_gmt":"2021-12-16T13:49:08","slug":"spotkanie-z-mikolajem-3","status":"publish","type":"post","link":"https:\/\/przedszkole136.edu.wroclaw.pl\/index.php\/2021\/12\/06\/spotkanie-z-mikolajem-3\/","title":{"rendered":"Spotkanie z Miko\u0142ajem"},"content":{"rendered":"<p>Okaza\u0142o si\u0119, \u017ce nasze przedszkolaki by\u0142y bardzo grzeczne, Miko\u0142aj nie tylko nas odwiedzi\u0142, ale przyni\u00f3s\u0142 r\u00f3wnie\u017c prezenty, bawi\u0142 si\u0119 z dzie\u0107mi, zrobi\u0142 sobie pami\u0105tkowe zdj\u0119cie i pogna\u0142 dalej. Do zobaczenia z rok.<br \/>\n<img loading=\"lazy\" decoding=\"async\" src=\"https:\/\/przedszkole136.edu.wroclaw.pl\/wp-content\/uploads\/sites\/59\/2021\/12\/IMG-20211214-WA0013-225x300.jpg\" alt=\"\" width=\"225\" height=\"300\" class=\"alignnone size-medium wp-image-4628\" srcset=\"https:\/\/przedszkole136.edu.wroclaw.pl\/wp-content\/uploads\/sites\/59\/2021\/12\/IMG-20211214-WA0013-225x300.jpg 225w, https:\/\/przedszkole136.edu.wroclaw.pl\/wp-content\/uploads\/sites\/59\/2021\/12\/IMG-20211214-WA0013-768x1024.jpg 768w, https:\/\/przedszkole136.edu.wroclaw.pl\/wp-content\/uploads\/sites\/59\/2021\/12\/IMG-20211214-WA0013-600x800.jpg 600w, https:\/\/przedszkole136.edu.wroclaw.pl\/wp-content\/uploads\/sites\/59\/2021\/12\/IMG-20211214-WA0013-1152x1536.jpg 1152w, https:\/\/przedszkole136.edu.wroclaw.pl\/wp-content\/uploads\/sites\/59\/2021\/12\/IMG-20211214-WA0013.jpg 1200w\" sizes=\"auto, (max-width: 225px) 100vw, 225px\" \/><\/p>\n<p><img loading=\"lazy\" decoding=\"async\" src=\"https:\/\/przedszkole136.edu.wroclaw.pl\/wp-content\/uploads\/sites\/59\/2021\/12\/IMG-20211214-WA0009-300x225.jpg\" alt=\"\" width=\"300\" height=\"225\" class=\"alignnone size-medium wp-image-4629\" srcset=\"https:\/\/przedszkole136.edu.wroclaw.pl\/wp-content\/uploads\/sites\/59\/2021\/12\/IMG-20211214-WA0009-300x225.jpg 300w, https:\/\/przedszkole136.edu.wroclaw.pl\/wp-content\/uploads\/sites\/59\/2021\/12\/IMG-20211214-WA0009-1024x768.jpg 1024w, https:\/\/przedszkole136.edu.wroclaw.pl\/wp-content\/uploads\/sites\/59\/2021\/12\/IMG-20211214-WA0009-768x576.jpg 768w, https:\/\/przedszkole136.edu.wroclaw.pl\/wp-content\/uploads\/sites\/59\/2021\/12\/IMG-20211214-WA0009-600x450.jpg 600w, https:\/\/przedszkole136.edu.wroclaw.pl\/wp-content\/uploads\/sites\/59\/2021\/12\/IMG-20211214-WA0009-1536x1152.jpg 1536w, https:\/\/przedszkole136.edu.wroclaw.pl\/wp-content\/uploads\/sites\/59\/2021\/12\/IMG-20211214-WA0009.jpg 1600w\" sizes=\"auto, (max-width: 300px) 100vw, 300px\" \/><\/p>\n<p><img loading=\"lazy\" decoding=\"async\" src=\"https:\/\/przedszkole136.edu.wroclaw.pl\/wp-content\/uploads\/sites\/59\/2021\/12\/IMG-20211214-WA0004-300x169.jpg\" alt=\"\" width=\"300\" height=\"169\" class=\"alignnone size-medium wp-image-4630\" srcset=\"https:\/\/przedszkole136.edu.wroclaw.pl\/wp-content\/uploads\/sites\/59\/2021\/12\/IMG-20211214-WA0004-300x169.jpg 300w, https:\/\/przedszkole136.edu.wroclaw.pl\/wp-content\/uploads\/sites\/59\/2021\/12\/IMG-20211214-WA0004-1024x576.jpg 1024w, https:\/\/przedszkole136.edu.wroclaw.pl\/wp-content\/uploads\/sites\/59\/2021\/12\/IMG-20211214-WA0004-768x432.jpg 768w, https:\/\/przedszkole136.edu.wroclaw.pl\/wp-content\/uploads\/sites\/59\/2021\/12\/IMG-20211214-WA0004-600x338.jpg 600w, https:\/\/przedszkole136.edu.wroclaw.pl\/wp-content\/uploads\/sites\/59\/2021\/12\/IMG-20211214-WA0004-1536x864.jpg 1536w, https:\/\/przedszkole136.edu.wroclaw.pl\/wp-content\/uploads\/sites\/59\/2021\/12\/IMG-20211214-WA0004.jpg 2000w\" sizes=\"auto, (max-width: 300px) 100vw, 300px\" \/><\/p>\n","protected":false},"excerpt":{"rendered":"<p>Okaza\u0142o si\u0119, \u017ce nasze przedszkolaki by\u0142y bardzo grzeczne, Miko\u0142aj nie tylko nas odwiedzi\u0142, ale przyni\u00f3s\u0142 r\u00f3wnie\u017c prezenty, bawi\u0142 si\u0119 z dzie\u0107mi, zrobi\u0142 sobie pami\u0105tkowe zdj\u0119cie i pogna\u0142 dalej. Do zobaczenia [&hellip;]<\/p>\n","protected":false},"author":189,"featured_media":4627,"comment_status":"open","ping_status":"open","sticky":false,"template":"","format":"standard","meta":{"ngg_post_thumbnail":0,"footnotes":""},"categories":[1],"tags":[],"class_list":["post-4626","post","type-post","status-publish","format-standard","has-post-thumbnail","hentry","category-aktualnosci","clearfix"],"_links":{"self":[{"href":"https:\/\/przedszkole136.edu.wroclaw.pl\/index.php\/wp-json\/wp\/v2\/posts\/4626","targetHints":{"allow":["GET"]}}],"collection":[{"href":"https:\/\/przedszkole136.edu.wroclaw.pl\/index.php\/wp-json\/wp\/v2\/posts"}],"about":[{"href":"https:\/\/przedszkole136.edu.wroclaw.pl\/index.php\/wp-json\/wp\/v2\/types\/post"}],"author":[{"embeddable":true,"href":"https:\/\/przedszkole136.edu.wroclaw.pl\/index.php\/wp-json\/wp\/v2\/users\/189"}],"replies":[{"embeddable":true,"href":"https:\/\/przedszkole136.edu.wroclaw.pl\/index.php\/wp-json\/wp\/v2\/comments?post=4626"}],"version-history":[{"count":1,"href":"https:\/\/przedszkole136.edu.wroclaw.pl\/index.php\/wp-json\/wp\/v2\/posts\/4626\/revisions"}],"predecessor-version":[{"id":4631,"href":"https:\/\/przedszkole136.edu.wroclaw.pl\/index.php\/wp-json\/wp\/v2\/posts\/4626\/revisions\/4631"}],"wp:featuredmedia":[{"embeddable":true,"href":"https:\/\/przedszkole136.edu.wroclaw.pl\/index.php\/wp-json\/wp\/v2\/media\/4627"}],"wp:attachment":[{"href":"https:\/\/przedszkole136.edu.wroclaw.pl\/index.php\/wp-json\/wp\/v2\/media?parent=4626"}],"wp:term":[{"taxonomy":"category","embeddable":true,"href":"https:\/\/przedszkole136.edu.wroclaw.pl\/index.php\/wp-json\/wp\/v2\/categories?post=4626"},{"taxonomy":"post_tag","embeddable":true,"href":"https:\/\/przedszkole136.edu.wroclaw.pl\/index.php\/wp-json\/wp\/v2\/tags?post=4626"}],"curies":[{"name":"wp","href":"https:\/\/api.w.org\/{rel}","templated":true}]}}