
{"id":4560,"date":"2021-11-22T11:12:54","date_gmt":"2021-11-22T10:12:54","guid":{"rendered":"https:\/\/przedszkole136.edu.wroclaw.pl\/?p=4560"},"modified":"2021-11-22T11:12:54","modified_gmt":"2021-11-22T10:12:54","slug":"dzien-pomaranczowy-2","status":"publish","type":"post","link":"https:\/\/przedszkole136.edu.wroclaw.pl\/index.php\/2021\/11\/22\/dzien-pomaranczowy-2\/","title":{"rendered":"Dzie\u0144 pomara\u0144czowy"},"content":{"rendered":"<p>Dzie\u0144 24 listopada (\u015broda) jest w naszym przedszkolu dniem pomara\u0144czowym. W tym dniu panie kucharki gotuj\u0105 dla nas posi\u0142ki w tym kolorze. Prosimy, aby w tym dniu ubra\u0107 dzieci &#8211; oczywi\u015bcie w miar\u0119 mo\u017cliwo\u015bci &#8211; na pomara\u0144czowo.<\/p>\n","protected":false},"excerpt":{"rendered":"<p>Dzie\u0144 24 listopada (\u015broda) jest w naszym przedszkolu dniem pomara\u0144czowym. W tym dniu panie kucharki gotuj\u0105 dla nas posi\u0142ki w tym kolorze. Prosimy, aby w tym dniu ubra\u0107 dzieci &#8211; [&hellip;]<\/p>\n","protected":false},"author":189,"featured_media":0,"comment_status":"open","ping_status":"open","sticky":false,"template":"","format":"standard","meta":{"ngg_post_thumbnail":0,"footnotes":""},"categories":[1],"tags":[],"class_list":["post-4560","post","type-post","status-publish","format-standard","hentry","category-aktualnosci","clearfix"],"_links":{"self":[{"href":"https:\/\/przedszkole136.edu.wroclaw.pl\/index.php\/wp-json\/wp\/v2\/posts\/4560","targetHints":{"allow":["GET"]}}],"collection":[{"href":"https:\/\/przedszkole136.edu.wroclaw.pl\/index.php\/wp-json\/wp\/v2\/posts"}],"about":[{"href":"https:\/\/przedszkole136.edu.wroclaw.pl\/index.php\/wp-json\/wp\/v2\/types\/post"}],"author":[{"embeddable":true,"href":"https:\/\/przedszkole136.edu.wroclaw.pl\/index.php\/wp-json\/wp\/v2\/users\/189"}],"replies":[{"embeddable":true,"href":"https:\/\/przedszkole136.edu.wroclaw.pl\/index.php\/wp-json\/wp\/v2\/comments?post=4560"}],"version-history":[{"count":2,"href":"https:\/\/przedszkole136.edu.wroclaw.pl\/index.php\/wp-json\/wp\/v2\/posts\/4560\/revisions"}],"predecessor-version":[{"id":4562,"href":"https:\/\/przedszkole136.edu.wroclaw.pl\/index.php\/wp-json\/wp\/v2\/posts\/4560\/revisions\/4562"}],"wp:attachment":[{"href":"https:\/\/przedszkole136.edu.wroclaw.pl\/index.php\/wp-json\/wp\/v2\/media?parent=4560"}],"wp:term":[{"taxonomy":"category","embeddable":true,"href":"https:\/\/przedszkole136.edu.wroclaw.pl\/index.php\/wp-json\/wp\/v2\/categories?post=4560"},{"taxonomy":"post_tag","embeddable":true,"href":"https:\/\/przedszkole136.edu.wroclaw.pl\/index.php\/wp-json\/wp\/v2\/tags?post=4560"}],"curies":[{"name":"wp","href":"https:\/\/api.w.org\/{rel}","templated":true}]}}