
{"id":4408,"date":"2021-08-30T09:29:52","date_gmt":"2021-08-30T07:29:52","guid":{"rendered":"https:\/\/przedszkole136.edu.wroclaw.pl\/?p=4408"},"modified":"2021-08-30T09:29:52","modified_gmt":"2021-08-30T07:29:52","slug":"co-do-przedszkola","status":"publish","type":"post","link":"https:\/\/przedszkole136.edu.wroclaw.pl\/index.php\/2021\/08\/30\/co-do-przedszkola\/","title":{"rendered":"Co do przedszkola?"},"content":{"rendered":"<p><strong>Co do przedszkola?<\/strong><\/p>\n<p>Kapcie, kt\u00f3re dziecko b\u0119dzie potrafi\u0142o samo za\u0142o\u017cy\u0107, najlepiej na rzepy.<\/p>\n<p>Worek na rzeczy do przebrania dla dziecka (podpisany).<\/p>\n<p>Podkoszulek do przebrania, majtki i spodnie na zmian\u0119, gdyby zaistnia\u0142a potrzeba.<\/p>\n<p><strong>Wa\u017cne godziny:<\/strong><\/p>\n<p>Otwarcie i zamkni\u0119cie przedszkola: 7:00 -17:00<br \/>\nPrzyprowadzanie dzieci: 7:00 &#8211; 8:15<\/p>\n<p><strong>Posi\u0142ki:<\/strong><br \/>\n\u015aniadanie: 8.20 Gr. V i VI, 8.40 Gr. II i III, 9.00 Gr. I i IV<\/p>\n<p>Zupa + deser: 11.15 Gr.V i VI, 11.45 Gr. I i III, 12.15 Gr. II i IV<\/p>\n<p>Drugie danie: 13.45 Gr. V i VI, 14.10 Gr. II i III, 14.40 Gr. I i IV<\/p>\n<p><strong>Prosimy o: <\/strong><\/p>\n<p>&#8211; rozwijanie umiej\u0119tno\u015bci samoobs\u0142ugowych u dziecka;<\/p>\n<p>&#8211; wygodne ubieranie dziecka.<\/p>\n<p>Pozosta\u0142e informacje otrzymaj\u0105 Pa\u0144stwo na zebraniach, kt\u00f3re odb\u0119d\u0105 si\u0119 na pocz\u0105tku wrze\u015bnia.<\/p>\n<p><strong>Op\u0142aty za p-le:<\/strong><\/p>\n<p>-stawka \u017cywieniowa 9 z\u0142 dziennie,<\/p>\n<p>-5 godzin bezp\u0142atnie, powy\u017cej pi\u0119ciu godzin dziennie 1z\u0142 za ka\u017cd\u0105 rozpocz\u0119t\u0105 godzin\u0119,<\/p>\n<p>-dzieci z rocznika 2015 (roczne przygotowanie przedszkolne) s\u0105 zwolnione z op\u0142aty za miejsce,<\/p>\n<p>-dzieci z rodzin wielodzietnych (3+), na wniosek rodzica s\u0105 zwolnione z op\u0142aty za miejsce,<\/p>\n<p>-op\u0142ata <strong>do 15 ka\u017cdego m-ca,<\/strong> p\u0142atne po zako\u0144czeniu m-ca , na indywidualne konto<\/p>\n<p>ka\u017cdego dziecka,<\/p>\n<p>-kwota do zap\u0142aty b\u0119dzie wysy\u0142ana e-mailem, na adres podany w deklaracji.<\/p>\n","protected":false},"excerpt":{"rendered":"<p>Co do przedszkola? Kapcie, kt\u00f3re dziecko b\u0119dzie potrafi\u0142o samo za\u0142o\u017cy\u0107, najlepiej na rzepy. Worek na rzeczy do przebrania dla dziecka (podpisany). Podkoszulek do przebrania, majtki i spodnie na zmian\u0119, gdyby [&hellip;]<\/p>\n","protected":false},"author":190,"featured_media":4273,"comment_status":"open","ping_status":"open","sticky":false,"template":"","format":"standard","meta":{"ngg_post_thumbnail":0,"footnotes":""},"categories":[1],"tags":[],"class_list":["post-4408","post","type-post","status-publish","format-standard","has-post-thumbnail","hentry","category-aktualnosci","clearfix"],"_links":{"self":[{"href":"https:\/\/przedszkole136.edu.wroclaw.pl\/index.php\/wp-json\/wp\/v2\/posts\/4408","targetHints":{"allow":["GET"]}}],"collection":[{"href":"https:\/\/przedszkole136.edu.wroclaw.pl\/index.php\/wp-json\/wp\/v2\/posts"}],"about":[{"href":"https:\/\/przedszkole136.edu.wroclaw.pl\/index.php\/wp-json\/wp\/v2\/types\/post"}],"author":[{"embeddable":true,"href":"https:\/\/przedszkole136.edu.wroclaw.pl\/index.php\/wp-json\/wp\/v2\/users\/190"}],"replies":[{"embeddable":true,"href":"https:\/\/przedszkole136.edu.wroclaw.pl\/index.php\/wp-json\/wp\/v2\/comments?post=4408"}],"version-history":[{"count":2,"href":"https:\/\/przedszkole136.edu.wroclaw.pl\/index.php\/wp-json\/wp\/v2\/posts\/4408\/revisions"}],"predecessor-version":[{"id":4412,"href":"https:\/\/przedszkole136.edu.wroclaw.pl\/index.php\/wp-json\/wp\/v2\/posts\/4408\/revisions\/4412"}],"wp:featuredmedia":[{"embeddable":true,"href":"https:\/\/przedszkole136.edu.wroclaw.pl\/index.php\/wp-json\/wp\/v2\/media\/4273"}],"wp:attachment":[{"href":"https:\/\/przedszkole136.edu.wroclaw.pl\/index.php\/wp-json\/wp\/v2\/media?parent=4408"}],"wp:term":[{"taxonomy":"category","embeddable":true,"href":"https:\/\/przedszkole136.edu.wroclaw.pl\/index.php\/wp-json\/wp\/v2\/categories?post=4408"},{"taxonomy":"post_tag","embeddable":true,"href":"https:\/\/przedszkole136.edu.wroclaw.pl\/index.php\/wp-json\/wp\/v2\/tags?post=4408"}],"curies":[{"name":"wp","href":"https:\/\/api.w.org\/{rel}","templated":true}]}}