
{"id":4378,"date":"2021-05-17T12:02:55","date_gmt":"2021-05-17T10:02:55","guid":{"rendered":"https:\/\/przedszkole136.edu.wroclaw.pl\/?p=4378"},"modified":"2021-05-17T12:02:55","modified_gmt":"2021-05-17T10:02:55","slug":"dzien-zolty","status":"publish","type":"post","link":"https:\/\/przedszkole136.edu.wroclaw.pl\/index.php\/2021\/05\/17\/dzien-zolty\/","title":{"rendered":"Dzie\u0144 \u017c\u00f3\u0142ty"},"content":{"rendered":"<p>DZIE\u0143 19 MAJA (\u015aRODA) JEST W NASZYM PRZEDSZKOLU DNIEM <strong>\u017b\u00d3\u0141TYM<\/strong>. W TYM DNIU PANIE KUCHARKI PRZYGOTOWUJ\u0104 NAM POSI\u0141KI W\u0141A\u015aNIE W TYM KOLORZE. PROSIMY, ABY W TYM DNIU UBRA\u0106 DZIECI \u2013 OCZYWI\u015aCIE W MIAR\u0118 MO\u017bLIWO\u015aCI \u2013 NA <strong>\u017b\u00d3\u0141TO<\/strong>.<\/p>\n","protected":false},"excerpt":{"rendered":"<p>DZIE\u0143 19 MAJA (\u015aRODA) JEST W NASZYM PRZEDSZKOLU DNIEM \u017b\u00d3\u0141TYM. W TYM DNIU PANIE KUCHARKI PRZYGOTOWUJ\u0104 NAM POSI\u0141KI W\u0141A\u015aNIE W TYM KOLORZE. PROSIMY, ABY W TYM DNIU UBRA\u0106 DZIECI \u2013 [&hellip;]<\/p>\n","protected":false},"author":188,"featured_media":4379,"comment_status":"open","ping_status":"open","sticky":false,"template":"","format":"standard","meta":{"ngg_post_thumbnail":0,"footnotes":""},"categories":[1],"tags":[],"class_list":["post-4378","post","type-post","status-publish","format-standard","has-post-thumbnail","hentry","category-aktualnosci","clearfix"],"_links":{"self":[{"href":"https:\/\/przedszkole136.edu.wroclaw.pl\/index.php\/wp-json\/wp\/v2\/posts\/4378","targetHints":{"allow":["GET"]}}],"collection":[{"href":"https:\/\/przedszkole136.edu.wroclaw.pl\/index.php\/wp-json\/wp\/v2\/posts"}],"about":[{"href":"https:\/\/przedszkole136.edu.wroclaw.pl\/index.php\/wp-json\/wp\/v2\/types\/post"}],"author":[{"embeddable":true,"href":"https:\/\/przedszkole136.edu.wroclaw.pl\/index.php\/wp-json\/wp\/v2\/users\/188"}],"replies":[{"embeddable":true,"href":"https:\/\/przedszkole136.edu.wroclaw.pl\/index.php\/wp-json\/wp\/v2\/comments?post=4378"}],"version-history":[{"count":2,"href":"https:\/\/przedszkole136.edu.wroclaw.pl\/index.php\/wp-json\/wp\/v2\/posts\/4378\/revisions"}],"predecessor-version":[{"id":4381,"href":"https:\/\/przedszkole136.edu.wroclaw.pl\/index.php\/wp-json\/wp\/v2\/posts\/4378\/revisions\/4381"}],"wp:featuredmedia":[{"embeddable":true,"href":"https:\/\/przedszkole136.edu.wroclaw.pl\/index.php\/wp-json\/wp\/v2\/media\/4379"}],"wp:attachment":[{"href":"https:\/\/przedszkole136.edu.wroclaw.pl\/index.php\/wp-json\/wp\/v2\/media?parent=4378"}],"wp:term":[{"taxonomy":"category","embeddable":true,"href":"https:\/\/przedszkole136.edu.wroclaw.pl\/index.php\/wp-json\/wp\/v2\/categories?post=4378"},{"taxonomy":"post_tag","embeddable":true,"href":"https:\/\/przedszkole136.edu.wroclaw.pl\/index.php\/wp-json\/wp\/v2\/tags?post=4378"}],"curies":[{"name":"wp","href":"https:\/\/api.w.org\/{rel}","templated":true}]}}