
{"id":4368,"date":"2021-05-17T08:04:20","date_gmt":"2021-05-17T06:04:20","guid":{"rendered":"https:\/\/przedszkole136.edu.wroclaw.pl\/?p=4368"},"modified":"2021-05-17T08:04:20","modified_gmt":"2021-05-17T06:04:20","slug":"uwaga-konkurs","status":"publish","type":"post","link":"https:\/\/przedszkole136.edu.wroclaw.pl\/index.php\/2021\/05\/17\/uwaga-konkurs\/","title":{"rendered":"Uwaga KONKURS"},"content":{"rendered":"<h1 style=\"text-align: center\">Drodzy Rodzice, opiekunowie i nauczyciele, og\u0142aszamy konkurs plastyczny:<\/h1>\n<h1 style=\"text-align: center\">\u201eDZIECI \u015aWIATA\u201d<\/h1>\n<h1><\/h1>\n<p>Zapraszamy dzieci do wzi\u0119cia udzia\u0142u w przedszkolnym konkursie plastycznym \u201eDzieci \u015awiata\u201d.<\/p>\n<p>Stw\u00f3rzcie obrazy \u00a0swoich przyjaci\u00f3\u0142 i r\u00f3wie\u015bnik\u00f3w z r\u00f3\u017cnych zak\u0105tk\u00f3w Ziemi! Podzielcie si\u0119 z nami swoimi wyobra\u017ceniami dzieci, kt\u00f3re \u017cyj\u0105 na innym kontynencie, w innej kulturze czy w innym kraju. Na Wasze\u00a0 prace czekamy do 28 maja 2021r.<\/p>\n<p><strong>\u00a0Warunkiem uczestnictwa w konkursie \u00a0jest wykonanie pracy plastycznej\u00a0 z zastosowaniem dowolnej techniki plastycznej( kredki, farby, wydzieranka, wklejanka, kola\u017c itp.), praca mo\u017ce mie\u0107 r\u00f3\u017cn\u0105 wielko\u015b\u0107 i kszta\u0142t. <\/strong><\/p>\n<p>&nbsp;<\/p>\n<p><strong><u>Regulamin Konkursu Plastycznego\u00a0\u00a0\u00a0\u201eDzieci\u00a0 \u015awiata\u201d<\/u><\/strong><\/p>\n<ul>\n<li><strong>Organizator:<\/strong><\/li>\n<\/ul>\n<p>Przedszkole Nr 136 \u201eMa\u0142y Sportowiec\u201d we Wroc\u0142awiu<\/p>\n<ul>\n<li><strong>Terminarz konkursu:<\/strong><\/li>\n<li><strong>\u00a0<\/strong>17.05-28.05.2021 r.<\/li>\n<li>05.2021 rozstrzygni\u0119cie konkursu<\/li>\n<li>Wr\u0119czenie dyplom\u00f3w i nagr\u00f3d w drugiej po\u0142owie czerwca<\/li>\n<\/ul>\n<p>&nbsp;<\/p>\n<ul>\n<li><strong>Cel konkursu:<\/strong><\/li>\n<\/ul>\n<p>-kszta\u0142towanie szacunku i \u017cyczliwo\u015bci do dzieci z r\u00f3\u017cnych stron \u015bwiata<\/p>\n<p>-rozwijanie poczucia akceptacji siebie i swoich koleg\u00f3w<\/p>\n<p>-rozwijanie wra\u017cliwo\u015bci na to, co w \u017cyciu pi\u0119kne, r\u00f3\u017cnorodne i odmienne: nacja, rasa,kultura,tradycja<\/p>\n<p>-rozwijanie tolerancji w\u015br\u00f3d dzieci<\/p>\n<p>&#8211; rozwijanie ekspresji tw\u00f3rczej, kreatywno\u015bci oraz umiejetno\u015bci plastyczno-technicznych.<\/p>\n<ul>\n<li><strong>Format i technika wykonania dowolna<\/strong><\/li>\n<li><strong>Ka\u017cda praca ma zawiera\u0107 metryczk\u0119 ( imi\u0119 i nazwisko dziecka, wiek, nazwa grupy)<\/strong><\/li>\n<li><strong>Kategorie konkursowe:<\/strong><\/li>\n<li>dzieci m\u0142odsze 3, 4- latki<\/li>\n<li>dzieci starsze 5,6 \u2013latki<\/li>\n<li><strong>Kryteria oceny prac:<\/strong><\/li>\n<li>samodzielno\u015b\u0107 prac<\/li>\n<li>zachowanie tematu konkursu<\/li>\n<li>pomys\u0142owo\u015b\u0107, wykorzystanie r\u00f3\u017cnych materia\u0142\u00f3w<\/li>\n<li>estetyka<\/li>\n<li><strong>Nagrody:\u00a0<\/strong><\/li>\n<li>Organizator przewiduje nagrody rzeczowe oraz dyplomy . Wszystkie prace zostan\u0105 zaprezentowane na wystawie przedszkolnej w dniu 1 czerwca, podczas obchod\u00f3w\u00a0 Dzie\u0144 Dziecka.<\/li>\n<li>Wr\u0119czenie nagr\u00f3d nast\u0105pi w innym dniu <strong>w drugiej po\u0142owie czerwca 2021 r.<\/strong><\/li>\n<\/ul>\n<p>&nbsp;<\/p>\n<ul>\n<li><strong>Postanowienia ko\u0144cowe:<\/strong><\/li>\n<\/ul>\n<p>\u2013 prace zostan\u0105 ocenione przez powo\u0142an\u0105 komisj\u0119 konkursow\u0105<\/p>\n<p>&nbsp;<\/p>\n<p style=\"text-align: right\">\u00a0\u00a0\u00a0\u00a0\u00a0\u00a0\u00a0\u00a0\u00a0\u00a0\u00a0\u00a0\u00a0\u00a0\u00a0\u00a0\u00a0\u00a0\u00a0\u00a0\u00a0\u00a0\u00a0\u00a0\u00a0\u00a0\u00a0\u00a0\u00a0\u00a0\u00a0\u00a0\u00a0\u00a0\u00a0\u00a0\u00a0\u00a0\u00a0\u00a0\u00a0\u00a0\u00a0\u00a0\u00a0\u00a0\u00a0\u00a0\u00a0\u00a0\u00a0\u00a0\u00a0\u00a0\u00a0\u00a0\u00a0\u00a0\u00a0\u00a0\u00a0\u00a0\u00a0\u00a0 Organizatorzy konkursu<\/p>\n","protected":false},"excerpt":{"rendered":"<p>Drodzy Rodzice, opiekunowie i nauczyciele, og\u0142aszamy konkurs plastyczny: \u201eDZIECI \u015aWIATA\u201d Zapraszamy dzieci do wzi\u0119cia udzia\u0142u w przedszkolnym konkursie plastycznym \u201eDzieci \u015awiata\u201d. Stw\u00f3rzcie obrazy \u00a0swoich przyjaci\u00f3\u0142 i r\u00f3wie\u015bnik\u00f3w z r\u00f3\u017cnych zak\u0105tk\u00f3w [&hellip;]<\/p>\n","protected":false},"author":188,"featured_media":4369,"comment_status":"open","ping_status":"open","sticky":false,"template":"","format":"standard","meta":{"ngg_post_thumbnail":0,"footnotes":""},"categories":[1],"tags":[],"class_list":["post-4368","post","type-post","status-publish","format-standard","has-post-thumbnail","hentry","category-aktualnosci","clearfix"],"_links":{"self":[{"href":"https:\/\/przedszkole136.edu.wroclaw.pl\/index.php\/wp-json\/wp\/v2\/posts\/4368","targetHints":{"allow":["GET"]}}],"collection":[{"href":"https:\/\/przedszkole136.edu.wroclaw.pl\/index.php\/wp-json\/wp\/v2\/posts"}],"about":[{"href":"https:\/\/przedszkole136.edu.wroclaw.pl\/index.php\/wp-json\/wp\/v2\/types\/post"}],"author":[{"embeddable":true,"href":"https:\/\/przedszkole136.edu.wroclaw.pl\/index.php\/wp-json\/wp\/v2\/users\/188"}],"replies":[{"embeddable":true,"href":"https:\/\/przedszkole136.edu.wroclaw.pl\/index.php\/wp-json\/wp\/v2\/comments?post=4368"}],"version-history":[{"count":2,"href":"https:\/\/przedszkole136.edu.wroclaw.pl\/index.php\/wp-json\/wp\/v2\/posts\/4368\/revisions"}],"predecessor-version":[{"id":4371,"href":"https:\/\/przedszkole136.edu.wroclaw.pl\/index.php\/wp-json\/wp\/v2\/posts\/4368\/revisions\/4371"}],"wp:featuredmedia":[{"embeddable":true,"href":"https:\/\/przedszkole136.edu.wroclaw.pl\/index.php\/wp-json\/wp\/v2\/media\/4369"}],"wp:attachment":[{"href":"https:\/\/przedszkole136.edu.wroclaw.pl\/index.php\/wp-json\/wp\/v2\/media?parent=4368"}],"wp:term":[{"taxonomy":"category","embeddable":true,"href":"https:\/\/przedszkole136.edu.wroclaw.pl\/index.php\/wp-json\/wp\/v2\/categories?post=4368"},{"taxonomy":"post_tag","embeddable":true,"href":"https:\/\/przedszkole136.edu.wroclaw.pl\/index.php\/wp-json\/wp\/v2\/tags?post=4368"}],"curies":[{"name":"wp","href":"https:\/\/api.w.org\/{rel}","templated":true}]}}