
{"id":3931,"date":"2021-01-29T22:38:13","date_gmt":"2021-01-29T21:38:13","guid":{"rendered":"http:\/\/maly-sportowiec.pl\/?p=3931"},"modified":"2021-04-08T09:15:03","modified_gmt":"2021-04-08T07:15:03","slug":"pasowanie-na-sportowca","status":"publish","type":"post","link":"https:\/\/przedszkole136.edu.wroclaw.pl\/index.php\/2021\/01\/29\/pasowanie-na-sportowca\/","title":{"rendered":"Pasowanie na Sportowca"},"content":{"rendered":"<p>Pasowanie na Sportowca to jedna z najwa\u017cniejszych imprez w naszym przedszkolu. W tym roku przeprowadzona w troch\u0119 innej formie, by\u0142a r\u00f3wnie uroczysta jak co roku. Dzieci prezentowa\u0142y umiej\u0119tno\u015bci sportowe, by\u0142 zaproszony go\u015b\u0107 &#8211; sportowiec. Odwiedzi\u0142a nas a\u017c zza oceanu koszykarka z super przekazem dla dzieci. By\u0142y brawa, dyplomy, zdj\u0119cia, filmy i oczywi\u015bcie gratulacje wraz z pasowaniem z r\u0105k Pani Dyrektor.<\/p>\n","protected":false},"excerpt":{"rendered":"<p>Pasowanie na Sportowca to jedna z najwa\u017cniejszych imprez w naszym przedszkolu. W tym roku przeprowadzona w troch\u0119 innej formie, by\u0142a r\u00f3wnie uroczysta jak co roku. Dzieci prezentowa\u0142y umiej\u0119tno\u015bci sportowe, by\u0142 [&hellip;]<\/p>\n","protected":false},"author":190,"featured_media":4292,"comment_status":"open","ping_status":"open","sticky":false,"template":"","format":"standard","meta":{"ngg_post_thumbnail":0,"footnotes":""},"categories":[1],"tags":[],"class_list":["post-3931","post","type-post","status-publish","format-standard","has-post-thumbnail","hentry","category-aktualnosci","clearfix"],"_links":{"self":[{"href":"https:\/\/przedszkole136.edu.wroclaw.pl\/index.php\/wp-json\/wp\/v2\/posts\/3931","targetHints":{"allow":["GET"]}}],"collection":[{"href":"https:\/\/przedszkole136.edu.wroclaw.pl\/index.php\/wp-json\/wp\/v2\/posts"}],"about":[{"href":"https:\/\/przedszkole136.edu.wroclaw.pl\/index.php\/wp-json\/wp\/v2\/types\/post"}],"author":[{"embeddable":true,"href":"https:\/\/przedszkole136.edu.wroclaw.pl\/index.php\/wp-json\/wp\/v2\/users\/190"}],"replies":[{"embeddable":true,"href":"https:\/\/przedszkole136.edu.wroclaw.pl\/index.php\/wp-json\/wp\/v2\/comments?post=3931"}],"version-history":[{"count":1,"href":"https:\/\/przedszkole136.edu.wroclaw.pl\/index.php\/wp-json\/wp\/v2\/posts\/3931\/revisions"}],"predecessor-version":[{"id":4010,"href":"https:\/\/przedszkole136.edu.wroclaw.pl\/index.php\/wp-json\/wp\/v2\/posts\/3931\/revisions\/4010"}],"wp:featuredmedia":[{"embeddable":true,"href":"https:\/\/przedszkole136.edu.wroclaw.pl\/index.php\/wp-json\/wp\/v2\/media\/4292"}],"wp:attachment":[{"href":"https:\/\/przedszkole136.edu.wroclaw.pl\/index.php\/wp-json\/wp\/v2\/media?parent=3931"}],"wp:term":[{"taxonomy":"category","embeddable":true,"href":"https:\/\/przedszkole136.edu.wroclaw.pl\/index.php\/wp-json\/wp\/v2\/categories?post=3931"},{"taxonomy":"post_tag","embeddable":true,"href":"https:\/\/przedszkole136.edu.wroclaw.pl\/index.php\/wp-json\/wp\/v2\/tags?post=3931"}],"curies":[{"name":"wp","href":"https:\/\/api.w.org\/{rel}","templated":true}]}}