
{"id":3712,"date":"2021-02-23T13:11:33","date_gmt":"2021-02-23T12:11:33","guid":{"rendered":"http:\/\/maly-sportowiec.pl\/?p=3712"},"modified":"2021-04-08T09:06:47","modified_gmt":"2021-04-08T07:06:47","slug":"wazna-informacja-16","status":"publish","type":"post","link":"https:\/\/przedszkole136.edu.wroclaw.pl\/index.php\/2021\/02\/23\/wazna-informacja-16\/","title":{"rendered":"WA\u017bNA INFORMACJA"},"content":{"rendered":"<p>Informuj\u0119, \u017ce dnia 23 lutego otrzyma\u0142am informacj\u0119, \u017ce osoba z bliskiego otoczenia  dziecka z grupy Mali Kolarze ma potwierdzone zachorowanie na COVID-19. Dziecko ostatni raz w przedszkolu by\u0142o 22 lutego.<br \/>\nW przedszkolu zosta\u0142y wdro\u017cone procedury s\u0142u\u017c\u0105ce zwalczaniu i zapobieganiu COVID-19.<\/p>\n","protected":false},"excerpt":{"rendered":"<p>Informuj\u0119, \u017ce dnia 23 lutego otrzyma\u0142am informacj\u0119, \u017ce osoba z bliskiego otoczenia dziecka z grupy Mali Kolarze ma potwierdzone zachorowanie na COVID-19. Dziecko ostatni raz w przedszkolu by\u0142o 22 lutego. [&hellip;]<\/p>\n","protected":false},"author":190,"featured_media":4272,"comment_status":"open","ping_status":"open","sticky":false,"template":"","format":"standard","meta":{"ngg_post_thumbnail":0,"footnotes":""},"categories":[1],"tags":[],"class_list":["post-3712","post","type-post","status-publish","format-standard","has-post-thumbnail","hentry","category-aktualnosci","clearfix"],"_links":{"self":[{"href":"https:\/\/przedszkole136.edu.wroclaw.pl\/index.php\/wp-json\/wp\/v2\/posts\/3712","targetHints":{"allow":["GET"]}}],"collection":[{"href":"https:\/\/przedszkole136.edu.wroclaw.pl\/index.php\/wp-json\/wp\/v2\/posts"}],"about":[{"href":"https:\/\/przedszkole136.edu.wroclaw.pl\/index.php\/wp-json\/wp\/v2\/types\/post"}],"author":[{"embeddable":true,"href":"https:\/\/przedszkole136.edu.wroclaw.pl\/index.php\/wp-json\/wp\/v2\/users\/190"}],"replies":[{"embeddable":true,"href":"https:\/\/przedszkole136.edu.wroclaw.pl\/index.php\/wp-json\/wp\/v2\/comments?post=3712"}],"version-history":[{"count":1,"href":"https:\/\/przedszkole136.edu.wroclaw.pl\/index.php\/wp-json\/wp\/v2\/posts\/3712\/revisions"}],"predecessor-version":[{"id":4004,"href":"https:\/\/przedszkole136.edu.wroclaw.pl\/index.php\/wp-json\/wp\/v2\/posts\/3712\/revisions\/4004"}],"wp:featuredmedia":[{"embeddable":true,"href":"https:\/\/przedszkole136.edu.wroclaw.pl\/index.php\/wp-json\/wp\/v2\/media\/4272"}],"wp:attachment":[{"href":"https:\/\/przedszkole136.edu.wroclaw.pl\/index.php\/wp-json\/wp\/v2\/media?parent=3712"}],"wp:term":[{"taxonomy":"category","embeddable":true,"href":"https:\/\/przedszkole136.edu.wroclaw.pl\/index.php\/wp-json\/wp\/v2\/categories?post=3712"},{"taxonomy":"post_tag","embeddable":true,"href":"https:\/\/przedszkole136.edu.wroclaw.pl\/index.php\/wp-json\/wp\/v2\/tags?post=3712"}],"curies":[{"name":"wp","href":"https:\/\/api.w.org\/{rel}","templated":true}]}}