
{"id":3708,"date":"2021-02-22T12:57:52","date_gmt":"2021-02-22T11:57:52","guid":{"rendered":"http:\/\/maly-sportowiec.pl\/?p=3708"},"modified":"2021-04-08T09:08:06","modified_gmt":"2021-04-08T07:08:06","slug":"kolorowe-dni-fiolet","status":"publish","type":"post","link":"https:\/\/przedszkole136.edu.wroclaw.pl\/index.php\/2021\/02\/22\/kolorowe-dni-fiolet\/","title":{"rendered":"Kolorowe dni &#8211; fiolet"},"content":{"rendered":"<p>DRODZY RODZICE,<br \/>\nDZIE\u0143 24 LUTEGO (\u015aRODA) JEST W NASZYM PRZEDSZKOLU DNIEM FIOLETOWYM. W  TYM DNIU NASZE PANIE KUCHARKI GOTUJ\u0104 DLA NAS FIOLETOWE POSI\u0141KI. PROSIMY, ABY DZIECI &#8211; OCZYWI\u015aCIE W MIAR\u0118 MO\u017bLIWO\u015aCI &#8211; W TYM DNIU BY\u0141Y UBRANE NA FIOLETOWO.<\/p>\n","protected":false},"excerpt":{"rendered":"<p>DRODZY RODZICE, DZIE\u0143 24 LUTEGO (\u015aRODA) JEST W NASZYM PRZEDSZKOLU DNIEM FIOLETOWYM. W TYM DNIU NASZE PANIE KUCHARKI GOTUJ\u0104 DLA NAS FIOLETOWE POSI\u0141KI. PROSIMY, ABY DZIECI &#8211; OCZYWI\u015aCIE W MIAR\u0118 [&hellip;]<\/p>\n","protected":false},"author":190,"featured_media":4287,"comment_status":"open","ping_status":"open","sticky":false,"template":"","format":"standard","meta":{"ngg_post_thumbnail":0,"footnotes":""},"categories":[1],"tags":[],"class_list":["post-3708","post","type-post","status-publish","format-standard","has-post-thumbnail","hentry","category-aktualnosci","clearfix"],"_links":{"self":[{"href":"https:\/\/przedszkole136.edu.wroclaw.pl\/index.php\/wp-json\/wp\/v2\/posts\/3708","targetHints":{"allow":["GET"]}}],"collection":[{"href":"https:\/\/przedszkole136.edu.wroclaw.pl\/index.php\/wp-json\/wp\/v2\/posts"}],"about":[{"href":"https:\/\/przedszkole136.edu.wroclaw.pl\/index.php\/wp-json\/wp\/v2\/types\/post"}],"author":[{"embeddable":true,"href":"https:\/\/przedszkole136.edu.wroclaw.pl\/index.php\/wp-json\/wp\/v2\/users\/190"}],"replies":[{"embeddable":true,"href":"https:\/\/przedszkole136.edu.wroclaw.pl\/index.php\/wp-json\/wp\/v2\/comments?post=3708"}],"version-history":[{"count":1,"href":"https:\/\/przedszkole136.edu.wroclaw.pl\/index.php\/wp-json\/wp\/v2\/posts\/3708\/revisions"}],"predecessor-version":[{"id":4005,"href":"https:\/\/przedszkole136.edu.wroclaw.pl\/index.php\/wp-json\/wp\/v2\/posts\/3708\/revisions\/4005"}],"wp:featuredmedia":[{"embeddable":true,"href":"https:\/\/przedszkole136.edu.wroclaw.pl\/index.php\/wp-json\/wp\/v2\/media\/4287"}],"wp:attachment":[{"href":"https:\/\/przedszkole136.edu.wroclaw.pl\/index.php\/wp-json\/wp\/v2\/media?parent=3708"}],"wp:term":[{"taxonomy":"category","embeddable":true,"href":"https:\/\/przedszkole136.edu.wroclaw.pl\/index.php\/wp-json\/wp\/v2\/categories?post=3708"},{"taxonomy":"post_tag","embeddable":true,"href":"https:\/\/przedszkole136.edu.wroclaw.pl\/index.php\/wp-json\/wp\/v2\/tags?post=3708"}],"curies":[{"name":"wp","href":"https:\/\/api.w.org\/{rel}","templated":true}]}}