
{"id":3684,"date":"2021-01-29T10:14:09","date_gmt":"2021-01-29T09:14:09","guid":{"rendered":"http:\/\/maly-sportowiec.pl\/?p=3684"},"modified":"2021-04-08T09:18:22","modified_gmt":"2021-04-08T07:18:22","slug":"przerwa-wakacyjna-3","status":"publish","type":"post","link":"https:\/\/przedszkole136.edu.wroclaw.pl\/index.php\/2021\/01\/29\/przerwa-wakacyjna-3\/","title":{"rendered":"Przerwa wakacyjna"},"content":{"rendered":"<p>UWAGA RODZICE\/OPIEKUNOWIE<br \/>\nPRZERWA WAKACYJNA W ROKU SZKOLNYM 2020\/2021 ZAPLANOWANA JEST NA SIERPIE\u0143 2021 r. W ZWI\u0104ZKU Z PANUJ\u0104C\u0104 SYTUACJ\u0104 TERMIN MO\u017bE ULEC ZMIANIE.<\/p>\n","protected":false},"excerpt":{"rendered":"<p>UWAGA RODZICE\/OPIEKUNOWIE PRZERWA WAKACYJNA W ROKU SZKOLNYM 2020\/2021 ZAPLANOWANA JEST NA SIERPIE\u0143 2021 r. W ZWI\u0104ZKU Z PANUJ\u0104C\u0104 SYTUACJ\u0104 TERMIN MO\u017bE ULEC ZMIANIE.<\/p>\n","protected":false},"author":190,"featured_media":4273,"comment_status":"open","ping_status":"open","sticky":false,"template":"","format":"standard","meta":{"ngg_post_thumbnail":0,"footnotes":""},"categories":[1],"tags":[],"class_list":["post-3684","post","type-post","status-publish","format-standard","has-post-thumbnail","hentry","category-aktualnosci","clearfix"],"_links":{"self":[{"href":"https:\/\/przedszkole136.edu.wroclaw.pl\/index.php\/wp-json\/wp\/v2\/posts\/3684","targetHints":{"allow":["GET"]}}],"collection":[{"href":"https:\/\/przedszkole136.edu.wroclaw.pl\/index.php\/wp-json\/wp\/v2\/posts"}],"about":[{"href":"https:\/\/przedszkole136.edu.wroclaw.pl\/index.php\/wp-json\/wp\/v2\/types\/post"}],"author":[{"embeddable":true,"href":"https:\/\/przedszkole136.edu.wroclaw.pl\/index.php\/wp-json\/wp\/v2\/users\/190"}],"replies":[{"embeddable":true,"href":"https:\/\/przedszkole136.edu.wroclaw.pl\/index.php\/wp-json\/wp\/v2\/comments?post=3684"}],"version-history":[{"count":1,"href":"https:\/\/przedszkole136.edu.wroclaw.pl\/index.php\/wp-json\/wp\/v2\/posts\/3684\/revisions"}],"predecessor-version":[{"id":4013,"href":"https:\/\/przedszkole136.edu.wroclaw.pl\/index.php\/wp-json\/wp\/v2\/posts\/3684\/revisions\/4013"}],"wp:featuredmedia":[{"embeddable":true,"href":"https:\/\/przedszkole136.edu.wroclaw.pl\/index.php\/wp-json\/wp\/v2\/media\/4273"}],"wp:attachment":[{"href":"https:\/\/przedszkole136.edu.wroclaw.pl\/index.php\/wp-json\/wp\/v2\/media?parent=3684"}],"wp:term":[{"taxonomy":"category","embeddable":true,"href":"https:\/\/przedszkole136.edu.wroclaw.pl\/index.php\/wp-json\/wp\/v2\/categories?post=3684"},{"taxonomy":"post_tag","embeddable":true,"href":"https:\/\/przedszkole136.edu.wroclaw.pl\/index.php\/wp-json\/wp\/v2\/tags?post=3684"}],"curies":[{"name":"wp","href":"https:\/\/api.w.org\/{rel}","templated":true}]}}