
{"id":3634,"date":"2021-01-25T15:29:04","date_gmt":"2021-01-25T14:29:04","guid":{"rendered":"http:\/\/maly-sportowiec.pl\/?p=3634"},"modified":"2021-04-08T09:18:41","modified_gmt":"2021-04-08T07:18:41","slug":"3634","status":"publish","type":"post","link":"https:\/\/przedszkole136.edu.wroclaw.pl\/index.php\/2021\/01\/25\/3634\/","title":{"rendered":""},"content":{"rendered":"<p>Dzie\u0144 27 stycznia (\u015broda) jest w naszym przedszkolu dniem czerwonym. W tym dniu jeste\u015bmy ubrani na czerwono a kuchnia przygotowuje nam pyszne czerwone posi\u0142ki.<\/p>\n<p>Prosimy w \u015brod\u0119 ubra\u0107 dzieci w miar\u0119 mo\u017cliwo\u015bci na czerwono.<\/p>\n","protected":false},"excerpt":{"rendered":"<p>Dzie\u0144 27 stycznia (\u015broda) jest w naszym przedszkolu dniem czerwonym. W tym dniu jeste\u015bmy ubrani na czerwono a kuchnia przygotowuje nam pyszne czerwone posi\u0142ki. Prosimy w \u015brod\u0119 ubra\u0107 dzieci w [&hellip;]<\/p>\n","protected":false},"author":190,"featured_media":4273,"comment_status":"open","ping_status":"open","sticky":false,"template":"","format":"standard","meta":{"ngg_post_thumbnail":0,"footnotes":""},"categories":[1],"tags":[],"class_list":["post-3634","post","type-post","status-publish","format-standard","has-post-thumbnail","hentry","category-aktualnosci","clearfix"],"_links":{"self":[{"href":"https:\/\/przedszkole136.edu.wroclaw.pl\/index.php\/wp-json\/wp\/v2\/posts\/3634","targetHints":{"allow":["GET"]}}],"collection":[{"href":"https:\/\/przedszkole136.edu.wroclaw.pl\/index.php\/wp-json\/wp\/v2\/posts"}],"about":[{"href":"https:\/\/przedszkole136.edu.wroclaw.pl\/index.php\/wp-json\/wp\/v2\/types\/post"}],"author":[{"embeddable":true,"href":"https:\/\/przedszkole136.edu.wroclaw.pl\/index.php\/wp-json\/wp\/v2\/users\/190"}],"replies":[{"embeddable":true,"href":"https:\/\/przedszkole136.edu.wroclaw.pl\/index.php\/wp-json\/wp\/v2\/comments?post=3634"}],"version-history":[{"count":1,"href":"https:\/\/przedszkole136.edu.wroclaw.pl\/index.php\/wp-json\/wp\/v2\/posts\/3634\/revisions"}],"predecessor-version":[{"id":4015,"href":"https:\/\/przedszkole136.edu.wroclaw.pl\/index.php\/wp-json\/wp\/v2\/posts\/3634\/revisions\/4015"}],"wp:featuredmedia":[{"embeddable":true,"href":"https:\/\/przedszkole136.edu.wroclaw.pl\/index.php\/wp-json\/wp\/v2\/media\/4273"}],"wp:attachment":[{"href":"https:\/\/przedszkole136.edu.wroclaw.pl\/index.php\/wp-json\/wp\/v2\/media?parent=3634"}],"wp:term":[{"taxonomy":"category","embeddable":true,"href":"https:\/\/przedszkole136.edu.wroclaw.pl\/index.php\/wp-json\/wp\/v2\/categories?post=3634"},{"taxonomy":"post_tag","embeddable":true,"href":"https:\/\/przedszkole136.edu.wroclaw.pl\/index.php\/wp-json\/wp\/v2\/tags?post=3634"}],"curies":[{"name":"wp","href":"https:\/\/api.w.org\/{rel}","templated":true}]}}