
{"id":3485,"date":"2021-01-07T13:03:46","date_gmt":"2021-01-07T12:03:46","guid":{"rendered":"http:\/\/maly-sportowiec.pl\/?p=3485"},"modified":"2021-04-08T09:30:28","modified_gmt":"2021-04-08T07:30:28","slug":"wazna-informacja-14","status":"publish","type":"post","link":"https:\/\/przedszkole136.edu.wroclaw.pl\/index.php\/2021\/01\/07\/wazna-informacja-14\/","title":{"rendered":"Wa\u017cna informacja"},"content":{"rendered":"<p>Informuj\u0119, \u017ce dnia 7 stycznia otrzyma\u0142am informacj\u0119, \u017ce rodzic dziecka z grupy Sportowe Duszki ma potwierdzone zachorowanie na COVID-19. Dziecko ostatni raz w przedszkolu by\u0142o 5 stycznia.<br \/>\nW przedszkolu zosta\u0142y wdro\u017cone procedury s\u0142u\u017c\u0105ce zwalczaniu i zapobieganiu COVID-19.<br \/>\nWicedyrektor Ewa Bana\u015b<\/p>\n","protected":false},"excerpt":{"rendered":"<p>Informuj\u0119, \u017ce dnia 7 stycznia otrzyma\u0142am informacj\u0119, \u017ce rodzic dziecka z grupy Sportowe Duszki ma potwierdzone zachorowanie na COVID-19. Dziecko ostatni raz w przedszkolu by\u0142o 5 stycznia. W przedszkolu zosta\u0142y [&hellip;]<\/p>\n","protected":false},"author":190,"featured_media":4272,"comment_status":"open","ping_status":"open","sticky":false,"template":"","format":"standard","meta":{"ngg_post_thumbnail":0,"footnotes":""},"categories":[1],"tags":[],"class_list":["post-3485","post","type-post","status-publish","format-standard","has-post-thumbnail","hentry","category-aktualnosci","clearfix"],"_links":{"self":[{"href":"https:\/\/przedszkole136.edu.wroclaw.pl\/index.php\/wp-json\/wp\/v2\/posts\/3485","targetHints":{"allow":["GET"]}}],"collection":[{"href":"https:\/\/przedszkole136.edu.wroclaw.pl\/index.php\/wp-json\/wp\/v2\/posts"}],"about":[{"href":"https:\/\/przedszkole136.edu.wroclaw.pl\/index.php\/wp-json\/wp\/v2\/types\/post"}],"author":[{"embeddable":true,"href":"https:\/\/przedszkole136.edu.wroclaw.pl\/index.php\/wp-json\/wp\/v2\/users\/190"}],"replies":[{"embeddable":true,"href":"https:\/\/przedszkole136.edu.wroclaw.pl\/index.php\/wp-json\/wp\/v2\/comments?post=3485"}],"version-history":[{"count":1,"href":"https:\/\/przedszkole136.edu.wroclaw.pl\/index.php\/wp-json\/wp\/v2\/posts\/3485\/revisions"}],"predecessor-version":[{"id":4022,"href":"https:\/\/przedszkole136.edu.wroclaw.pl\/index.php\/wp-json\/wp\/v2\/posts\/3485\/revisions\/4022"}],"wp:featuredmedia":[{"embeddable":true,"href":"https:\/\/przedszkole136.edu.wroclaw.pl\/index.php\/wp-json\/wp\/v2\/media\/4272"}],"wp:attachment":[{"href":"https:\/\/przedszkole136.edu.wroclaw.pl\/index.php\/wp-json\/wp\/v2\/media?parent=3485"}],"wp:term":[{"taxonomy":"category","embeddable":true,"href":"https:\/\/przedszkole136.edu.wroclaw.pl\/index.php\/wp-json\/wp\/v2\/categories?post=3485"},{"taxonomy":"post_tag","embeddable":true,"href":"https:\/\/przedszkole136.edu.wroclaw.pl\/index.php\/wp-json\/wp\/v2\/tags?post=3485"}],"curies":[{"name":"wp","href":"https:\/\/api.w.org\/{rel}","templated":true}]}}