
{"id":3482,"date":"2021-01-05T14:35:16","date_gmt":"2021-01-05T13:35:16","guid":{"rendered":"http:\/\/maly-sportowiec.pl\/?p=3482"},"modified":"2021-04-08T09:32:46","modified_gmt":"2021-04-08T07:32:46","slug":"pasowanie-na-przedszkolaka-grupa-baloniki","status":"publish","type":"post","link":"https:\/\/przedszkole136.edu.wroclaw.pl\/index.php\/2021\/01\/05\/pasowanie-na-przedszkolaka-grupa-baloniki\/","title":{"rendered":"Pasowanie na Przedszkolaka- grupa Baloniki"},"content":{"rendered":"<p>20 stycznia grupa &#8222;Baloniki&#8221; zostanie uroczy\u015bcie pasowana na Przedszkolak\u00f3w. W zwi\u0105zku z tym wydarzeniem dzieci zaprezentuj\u0105 swoje umiej\u0119tno\u015bci recytatorsko-wokalne w przedstawieniu. Relacj\u0119 z wyst\u0119pu rodzice grupy 'Baloniki&#8221; b\u0119d\u0105 mogli otrzyma\u0107 na pendrive lub innym no\u015bniku.<\/p>\n","protected":false},"excerpt":{"rendered":"<p>20 stycznia grupa &#8222;Baloniki&#8221; zostanie uroczy\u015bcie pasowana na Przedszkolak\u00f3w. W zwi\u0105zku z tym wydarzeniem dzieci zaprezentuj\u0105 swoje umiej\u0119tno\u015bci recytatorsko-wokalne w przedstawieniu. Relacj\u0119 z wyst\u0119pu rodzice grupy 'Baloniki&#8221; b\u0119d\u0105 mogli otrzyma\u0107 [&hellip;]<\/p>\n","protected":false},"author":190,"featured_media":4308,"comment_status":"open","ping_status":"open","sticky":false,"template":"","format":"standard","meta":{"ngg_post_thumbnail":0,"footnotes":""},"categories":[1],"tags":[],"class_list":["post-3482","post","type-post","status-publish","format-standard","has-post-thumbnail","hentry","category-aktualnosci","clearfix"],"_links":{"self":[{"href":"https:\/\/przedszkole136.edu.wroclaw.pl\/index.php\/wp-json\/wp\/v2\/posts\/3482","targetHints":{"allow":["GET"]}}],"collection":[{"href":"https:\/\/przedszkole136.edu.wroclaw.pl\/index.php\/wp-json\/wp\/v2\/posts"}],"about":[{"href":"https:\/\/przedszkole136.edu.wroclaw.pl\/index.php\/wp-json\/wp\/v2\/types\/post"}],"author":[{"embeddable":true,"href":"https:\/\/przedszkole136.edu.wroclaw.pl\/index.php\/wp-json\/wp\/v2\/users\/190"}],"replies":[{"embeddable":true,"href":"https:\/\/przedszkole136.edu.wroclaw.pl\/index.php\/wp-json\/wp\/v2\/comments?post=3482"}],"version-history":[{"count":1,"href":"https:\/\/przedszkole136.edu.wroclaw.pl\/index.php\/wp-json\/wp\/v2\/posts\/3482\/revisions"}],"predecessor-version":[{"id":4023,"href":"https:\/\/przedszkole136.edu.wroclaw.pl\/index.php\/wp-json\/wp\/v2\/posts\/3482\/revisions\/4023"}],"wp:featuredmedia":[{"embeddable":true,"href":"https:\/\/przedszkole136.edu.wroclaw.pl\/index.php\/wp-json\/wp\/v2\/media\/4308"}],"wp:attachment":[{"href":"https:\/\/przedszkole136.edu.wroclaw.pl\/index.php\/wp-json\/wp\/v2\/media?parent=3482"}],"wp:term":[{"taxonomy":"category","embeddable":true,"href":"https:\/\/przedszkole136.edu.wroclaw.pl\/index.php\/wp-json\/wp\/v2\/categories?post=3482"},{"taxonomy":"post_tag","embeddable":true,"href":"https:\/\/przedszkole136.edu.wroclaw.pl\/index.php\/wp-json\/wp\/v2\/tags?post=3482"}],"curies":[{"name":"wp","href":"https:\/\/api.w.org\/{rel}","templated":true}]}}