
{"id":3469,"date":"2020-12-21T08:13:22","date_gmt":"2020-12-21T07:13:22","guid":{"rendered":"http:\/\/maly-sportowiec.pl\/?p=3469"},"modified":"2021-04-08T10:13:13","modified_gmt":"2021-04-08T08:13:13","slug":"zyczenia-swiateczne","status":"publish","type":"post","link":"https:\/\/przedszkole136.edu.wroclaw.pl\/index.php\/2020\/12\/21\/zyczenia-swiateczne\/","title":{"rendered":"\u017byczenia \u015awi\u0105teczne"},"content":{"rendered":"<p>Weso\u0142ych \u015awi\u0105t!<br \/>\nBez zmartwie\u0144,<br \/>\nZ barszczem, z grzybami, z karpiem,<br \/>\nZ go\u015bciem, co niesie szcz\u0119\u015bcie!<br \/>\nCzeka na\u0144 przecie\u017c miejsce.<br \/>\nWeso\u0142ych \u015awi\u0105t!<br \/>\nA w \u015awi\u0119ta,<br \/>\nNiech si\u0119 snuje kol\u0119da.<br \/>\nI ga\u0142\u0105zki \u015bwierkowe<br \/>\nNiech Wam pachn\u0105 na zdrowie.<br \/>\nWeso\u0142ych \u015awi\u0105t!<br \/>\nA z Gwiazdk\u0105!<br \/>\nPod \u015bwieczek \u0142un\u0105 jasn\u0105<br \/>\n\u017byczcie sobie &#8211; najwi\u0119cej:<br \/>\nZwyk\u0142ego, ludzkiego szcz\u0119\u015bcia<\/p>\n","protected":false},"excerpt":{"rendered":"<p>Weso\u0142ych \u015awi\u0105t! Bez zmartwie\u0144, Z barszczem, z grzybami, z karpiem, Z go\u015bciem, co niesie szcz\u0119\u015bcie! Czeka na\u0144 przecie\u017c miejsce. Weso\u0142ych \u015awi\u0105t! A w \u015awi\u0119ta, Niech si\u0119 snuje kol\u0119da. I ga\u0142\u0105zki [&hellip;]<\/p>\n","protected":false},"author":190,"featured_media":4311,"comment_status":"open","ping_status":"open","sticky":false,"template":"","format":"standard","meta":{"ngg_post_thumbnail":0,"footnotes":""},"categories":[1],"tags":[],"class_list":["post-3469","post","type-post","status-publish","format-standard","has-post-thumbnail","hentry","category-aktualnosci","clearfix"],"_links":{"self":[{"href":"https:\/\/przedszkole136.edu.wroclaw.pl\/index.php\/wp-json\/wp\/v2\/posts\/3469","targetHints":{"allow":["GET"]}}],"collection":[{"href":"https:\/\/przedszkole136.edu.wroclaw.pl\/index.php\/wp-json\/wp\/v2\/posts"}],"about":[{"href":"https:\/\/przedszkole136.edu.wroclaw.pl\/index.php\/wp-json\/wp\/v2\/types\/post"}],"author":[{"embeddable":true,"href":"https:\/\/przedszkole136.edu.wroclaw.pl\/index.php\/wp-json\/wp\/v2\/users\/190"}],"replies":[{"embeddable":true,"href":"https:\/\/przedszkole136.edu.wroclaw.pl\/index.php\/wp-json\/wp\/v2\/comments?post=3469"}],"version-history":[{"count":1,"href":"https:\/\/przedszkole136.edu.wroclaw.pl\/index.php\/wp-json\/wp\/v2\/posts\/3469\/revisions"}],"predecessor-version":[{"id":4026,"href":"https:\/\/przedszkole136.edu.wroclaw.pl\/index.php\/wp-json\/wp\/v2\/posts\/3469\/revisions\/4026"}],"wp:featuredmedia":[{"embeddable":true,"href":"https:\/\/przedszkole136.edu.wroclaw.pl\/index.php\/wp-json\/wp\/v2\/media\/4311"}],"wp:attachment":[{"href":"https:\/\/przedszkole136.edu.wroclaw.pl\/index.php\/wp-json\/wp\/v2\/media?parent=3469"}],"wp:term":[{"taxonomy":"category","embeddable":true,"href":"https:\/\/przedszkole136.edu.wroclaw.pl\/index.php\/wp-json\/wp\/v2\/categories?post=3469"},{"taxonomy":"post_tag","embeddable":true,"href":"https:\/\/przedszkole136.edu.wroclaw.pl\/index.php\/wp-json\/wp\/v2\/tags?post=3469"}],"curies":[{"name":"wp","href":"https:\/\/api.w.org\/{rel}","templated":true}]}}