
{"id":3451,"date":"2020-12-14T14:54:17","date_gmt":"2020-12-14T13:54:17","guid":{"rendered":"http:\/\/maly-sportowiec.pl\/?p=3451"},"modified":"2021-04-08T12:06:54","modified_gmt":"2021-04-08T10:06:54","slug":"wazna-informacja-12","status":"publish","type":"post","link":"https:\/\/przedszkole136.edu.wroclaw.pl\/index.php\/2020\/12\/14\/wazna-informacja-12\/","title":{"rendered":"Wa\u017cna informacja"},"content":{"rendered":"<p>Informuj\u0119, \u017ce dnia 14 grudnia otrzyma\u0142am informacj\u0119, \u017ce dwoje dzieci &#8211; jedno z grupy &#8222;Baloniki&#8221; drugie z grupy &#8222;Mali Kolarze&#8221; (ostatni raz w plac\u00f3wce by\u0142y w pi\u0105tek 11 grudnia 2020) &#8211; wraz z rodzicami przebywaj\u0105 na kwarantannie bowiem mieli kontakt z osob\u0105 zara\u017con\u0105 COVID-19.<br \/>\nW przedszkolu zosta\u0142y wdro\u017cone procedury s\u0142u\u017c\u0105ce zwalczaniu i zapobieganiu COVID-19.<\/p>\n","protected":false},"excerpt":{"rendered":"<p>Informuj\u0119, \u017ce dnia 14 grudnia otrzyma\u0142am informacj\u0119, \u017ce dwoje dzieci &#8211; jedno z grupy &#8222;Baloniki&#8221; drugie z grupy &#8222;Mali Kolarze&#8221; (ostatni raz w plac\u00f3wce by\u0142y w pi\u0105tek 11 grudnia 2020) [&hellip;]<\/p>\n","protected":false},"author":190,"featured_media":4272,"comment_status":"open","ping_status":"open","sticky":false,"template":"","format":"standard","meta":{"ngg_post_thumbnail":0,"footnotes":""},"categories":[1],"tags":[],"class_list":["post-3451","post","type-post","status-publish","format-standard","has-post-thumbnail","hentry","category-aktualnosci","clearfix"],"_links":{"self":[{"href":"https:\/\/przedszkole136.edu.wroclaw.pl\/index.php\/wp-json\/wp\/v2\/posts\/3451","targetHints":{"allow":["GET"]}}],"collection":[{"href":"https:\/\/przedszkole136.edu.wroclaw.pl\/index.php\/wp-json\/wp\/v2\/posts"}],"about":[{"href":"https:\/\/przedszkole136.edu.wroclaw.pl\/index.php\/wp-json\/wp\/v2\/types\/post"}],"author":[{"embeddable":true,"href":"https:\/\/przedszkole136.edu.wroclaw.pl\/index.php\/wp-json\/wp\/v2\/users\/190"}],"replies":[{"embeddable":true,"href":"https:\/\/przedszkole136.edu.wroclaw.pl\/index.php\/wp-json\/wp\/v2\/comments?post=3451"}],"version-history":[{"count":1,"href":"https:\/\/przedszkole136.edu.wroclaw.pl\/index.php\/wp-json\/wp\/v2\/posts\/3451\/revisions"}],"predecessor-version":[{"id":4030,"href":"https:\/\/przedszkole136.edu.wroclaw.pl\/index.php\/wp-json\/wp\/v2\/posts\/3451\/revisions\/4030"}],"wp:featuredmedia":[{"embeddable":true,"href":"https:\/\/przedszkole136.edu.wroclaw.pl\/index.php\/wp-json\/wp\/v2\/media\/4272"}],"wp:attachment":[{"href":"https:\/\/przedszkole136.edu.wroclaw.pl\/index.php\/wp-json\/wp\/v2\/media?parent=3451"}],"wp:term":[{"taxonomy":"category","embeddable":true,"href":"https:\/\/przedszkole136.edu.wroclaw.pl\/index.php\/wp-json\/wp\/v2\/categories?post=3451"},{"taxonomy":"post_tag","embeddable":true,"href":"https:\/\/przedszkole136.edu.wroclaw.pl\/index.php\/wp-json\/wp\/v2\/tags?post=3451"}],"curies":[{"name":"wp","href":"https:\/\/api.w.org\/{rel}","templated":true}]}}