
{"id":3421,"date":"2020-11-25T11:06:29","date_gmt":"2020-11-25T10:06:29","guid":{"rendered":"http:\/\/maly-sportowiec.pl\/?p=3421"},"modified":"2021-04-08T08:10:47","modified_gmt":"2021-04-08T06:10:47","slug":"dzien-pluszowego-misia","status":"publish","type":"post","link":"https:\/\/przedszkole136.edu.wroclaw.pl\/index.php\/2020\/11\/25\/dzien-pluszowego-misia\/","title":{"rendered":"Dzie\u0144 Pluszowego Misia"},"content":{"rendered":"<p>\t\t\t\tMi\u015b na smutki i rado\u015bci<br \/>\nMi\u015b, gdy co\u015b Ci\u0119 bardzo z\u0142o\u015bci<br \/>\nMi\u015b, gdy czasem jest Ci \u017ale<br \/>\nMi\u015b, gdy gorzej czujesz si\u0119<br \/>\nMi\u015b dla ma\u0142ych i dla du\u017cych<br \/>\nMi\u015b w przedszkolu i w podr\u00f3\u017cy<br \/>\nMi\u015b, co le\u017cy pod poduszk\u0105<br \/>\nMis co ma klapni\u0119te uszko<br \/>\nMi\u015b Puchatek, Mi\u015b Uszatek<br \/>\nMi\u015b z futerka, z pluszu, z \u0142atek&#8230;<br \/>\nDzi\u015b Dzie\u0144 Pluszowego Misia<br \/>\nWi\u0119c go utul mocno dzisiaj!!!\t\t<\/p>\n","protected":false},"excerpt":{"rendered":"<p>Mi\u015b na smutki i rado\u015bci Mi\u015b, gdy co\u015b Ci\u0119 bardzo z\u0142o\u015bci Mi\u015b, gdy czasem jest Ci \u017ale Mi\u015b, gdy gorzej czujesz si\u0119 Mi\u015b dla ma\u0142ych i dla du\u017cych Mi\u015b w [&hellip;]<\/p>\n","protected":false},"author":190,"featured_media":3422,"comment_status":"open","ping_status":"open","sticky":false,"template":"","format":"standard","meta":{"ngg_post_thumbnail":0,"footnotes":""},"categories":[1],"tags":[],"class_list":["post-3421","post","type-post","status-publish","format-standard","has-post-thumbnail","hentry","category-aktualnosci","clearfix"],"_links":{"self":[{"href":"https:\/\/przedszkole136.edu.wroclaw.pl\/index.php\/wp-json\/wp\/v2\/posts\/3421","targetHints":{"allow":["GET"]}}],"collection":[{"href":"https:\/\/przedszkole136.edu.wroclaw.pl\/index.php\/wp-json\/wp\/v2\/posts"}],"about":[{"href":"https:\/\/przedszkole136.edu.wroclaw.pl\/index.php\/wp-json\/wp\/v2\/types\/post"}],"author":[{"embeddable":true,"href":"https:\/\/przedszkole136.edu.wroclaw.pl\/index.php\/wp-json\/wp\/v2\/users\/190"}],"replies":[{"embeddable":true,"href":"https:\/\/przedszkole136.edu.wroclaw.pl\/index.php\/wp-json\/wp\/v2\/comments?post=3421"}],"version-history":[{"count":1,"href":"https:\/\/przedszkole136.edu.wroclaw.pl\/index.php\/wp-json\/wp\/v2\/posts\/3421\/revisions"}],"predecessor-version":[{"id":4036,"href":"https:\/\/przedszkole136.edu.wroclaw.pl\/index.php\/wp-json\/wp\/v2\/posts\/3421\/revisions\/4036"}],"wp:featuredmedia":[{"embeddable":true,"href":"https:\/\/przedszkole136.edu.wroclaw.pl\/index.php\/wp-json\/"}],"wp:attachment":[{"href":"https:\/\/przedszkole136.edu.wroclaw.pl\/index.php\/wp-json\/wp\/v2\/media?parent=3421"}],"wp:term":[{"taxonomy":"category","embeddable":true,"href":"https:\/\/przedszkole136.edu.wroclaw.pl\/index.php\/wp-json\/wp\/v2\/categories?post=3421"},{"taxonomy":"post_tag","embeddable":true,"href":"https:\/\/przedszkole136.edu.wroclaw.pl\/index.php\/wp-json\/wp\/v2\/tags?post=3421"}],"curies":[{"name":"wp","href":"https:\/\/api.w.org\/{rel}","templated":true}]}}