
{"id":3405,"date":"2020-11-09T14:08:52","date_gmt":"2020-11-09T13:08:52","guid":{"rendered":"http:\/\/maly-sportowiec.pl\/?p=3405"},"modified":"2021-04-08T08:10:47","modified_gmt":"2021-04-08T06:10:47","slug":"wazna-informacja-7","status":"publish","type":"post","link":"https:\/\/przedszkole136.edu.wroclaw.pl\/index.php\/2020\/11\/09\/wazna-informacja-7\/","title":{"rendered":"Wa\u017cna informacja"},"content":{"rendered":"<p>\t\t\t\tInformuj\u0119, \u017ce 9 listopada otrzyma\u0142am informacj\u0119, \u017ce nauczyciel przedszkola ma potwierdzone zachorowanie na COVID-19, ostatni raz by\u0142 w plac\u00f3wce 02.11.2020.<br \/>\nNauczyciel w tym dniu mia\u0142 kontakt z dzie\u0107mi z gr. I &#8222;Baloniki&#8221;, gr. II &#8222;Bieguski&#8221;, gr. VI &#8222;Mali Kolarze&#8221;, gr. V &#8222;Akrobaci&#8221;.<br \/>\nDyrektor przedszkola o wy\u017cej wymienionej sytuacji powiadomi\u0142 wszystkie instytucje sprawuj\u0105ce nadz\u00f3r ( Departament Edukacji, Kuratorium O\u015bwiaty, Sanepid, Centrum Zarz\u0105dzania Kryzysowego).<br \/>\nProsz\u0119 o obserwacj\u0119 dzieci. Czekam na wytyczne.<br \/>\nDyrektor Przedszkola 136\t\t<\/p>\n","protected":false},"excerpt":{"rendered":"<p>Informuj\u0119, \u017ce 9 listopada otrzyma\u0142am informacj\u0119, \u017ce nauczyciel przedszkola ma potwierdzone zachorowanie na COVID-19, ostatni raz by\u0142 w plac\u00f3wce 02.11.2020. Nauczyciel w tym dniu mia\u0142 kontakt z dzie\u0107mi z gr. [&hellip;]<\/p>\n","protected":false},"author":190,"featured_media":3322,"comment_status":"open","ping_status":"open","sticky":false,"template":"","format":"standard","meta":{"ngg_post_thumbnail":0,"footnotes":""},"categories":[1],"tags":[],"class_list":["post-3405","post","type-post","status-publish","format-standard","has-post-thumbnail","hentry","category-aktualnosci","clearfix"],"_links":{"self":[{"href":"https:\/\/przedszkole136.edu.wroclaw.pl\/index.php\/wp-json\/wp\/v2\/posts\/3405","targetHints":{"allow":["GET"]}}],"collection":[{"href":"https:\/\/przedszkole136.edu.wroclaw.pl\/index.php\/wp-json\/wp\/v2\/posts"}],"about":[{"href":"https:\/\/przedszkole136.edu.wroclaw.pl\/index.php\/wp-json\/wp\/v2\/types\/post"}],"author":[{"embeddable":true,"href":"https:\/\/przedszkole136.edu.wroclaw.pl\/index.php\/wp-json\/wp\/v2\/users\/190"}],"replies":[{"embeddable":true,"href":"https:\/\/przedszkole136.edu.wroclaw.pl\/index.php\/wp-json\/wp\/v2\/comments?post=3405"}],"version-history":[{"count":1,"href":"https:\/\/przedszkole136.edu.wroclaw.pl\/index.php\/wp-json\/wp\/v2\/posts\/3405\/revisions"}],"predecessor-version":[{"id":4042,"href":"https:\/\/przedszkole136.edu.wroclaw.pl\/index.php\/wp-json\/wp\/v2\/posts\/3405\/revisions\/4042"}],"wp:featuredmedia":[{"embeddable":true,"href":"https:\/\/przedszkole136.edu.wroclaw.pl\/index.php\/wp-json\/"}],"wp:attachment":[{"href":"https:\/\/przedszkole136.edu.wroclaw.pl\/index.php\/wp-json\/wp\/v2\/media?parent=3405"}],"wp:term":[{"taxonomy":"category","embeddable":true,"href":"https:\/\/przedszkole136.edu.wroclaw.pl\/index.php\/wp-json\/wp\/v2\/categories?post=3405"},{"taxonomy":"post_tag","embeddable":true,"href":"https:\/\/przedszkole136.edu.wroclaw.pl\/index.php\/wp-json\/wp\/v2\/tags?post=3405"}],"curies":[{"name":"wp","href":"https:\/\/api.w.org\/{rel}","templated":true}]}}