
{"id":3377,"date":"2020-10-28T13:24:17","date_gmt":"2020-10-28T12:24:17","guid":{"rendered":"http:\/\/maly-sportowiec.pl\/?p=3377"},"modified":"2021-04-08T08:10:47","modified_gmt":"2021-04-08T06:10:47","slug":"wazna-informacja-5","status":"publish","type":"post","link":"https:\/\/przedszkole136.edu.wroclaw.pl\/index.php\/2020\/10\/28\/wazna-informacja-5\/","title":{"rendered":"WA\u017bNA INFORMACJA"},"content":{"rendered":"<p>\t\t\t\tInformuj\u0119, \u017ce dnia 28 pa\u017adziernika otrzyma\u0142am informacj\u0119, \u017ce pracownik Przedszkola nr 136 ma potwierdzone zachorowanie na COVID-19. Ostatni raz w plac\u00f3wce by\u0142 obecny 20-go pa\u017adziernika 2020 r. , a najwi\u0119ksz\u0105 styczno\u015b\u0107 mia\u0142 z grup\u0105 I &#8221; Baloniki &#8221;<\/p>\n<p>W przedszkolu zosta\u0142y wdro\u017cone procedury s\u0142u\u017c\u0105ce zwalczaniu i zapobieganiu COVID-19.<\/p>\n<p>Dyrektor przedszkola o wy\u017cej wymienionej sytuacji powiadomi\u0142 wszystkie instytucje sprawuj\u0105ce nadz\u00f3r ( Departament Edukacji, Kuratorium O\u015bwiaty, Sanepid, Centrum Zarz\u0105dzania Kryzysowego) oraz czeka na dalsze wytyczne.<\/p>\n<p><strong>UWAGA RODZICE:<\/strong><\/p>\n<p><strong>Bardzo prosimy o \u015bledzenie strony na bie\u017c\u0105co. W zwi\u0105zku z panuj\u0105c\u0105 pandemi\u0105 decyzje mog\u0105 pojawi\u0107 si\u0119 o r\u00f3\u017cnych porach dnia.\u00a0<\/strong>\t\t<\/p>\n","protected":false},"excerpt":{"rendered":"<p>Informuj\u0119, \u017ce dnia 28 pa\u017adziernika otrzyma\u0142am informacj\u0119, \u017ce pracownik Przedszkola nr 136 ma potwierdzone zachorowanie na COVID-19. Ostatni raz w plac\u00f3wce by\u0142 obecny 20-go pa\u017adziernika 2020 r. , a najwi\u0119ksz\u0105 [&hellip;]<\/p>\n","protected":false},"author":190,"featured_media":3322,"comment_status":"open","ping_status":"open","sticky":false,"template":"","format":"standard","meta":{"ngg_post_thumbnail":0,"footnotes":""},"categories":[1],"tags":[],"class_list":["post-3377","post","type-post","status-publish","format-standard","has-post-thumbnail","hentry","category-aktualnosci","clearfix"],"_links":{"self":[{"href":"https:\/\/przedszkole136.edu.wroclaw.pl\/index.php\/wp-json\/wp\/v2\/posts\/3377","targetHints":{"allow":["GET"]}}],"collection":[{"href":"https:\/\/przedszkole136.edu.wroclaw.pl\/index.php\/wp-json\/wp\/v2\/posts"}],"about":[{"href":"https:\/\/przedszkole136.edu.wroclaw.pl\/index.php\/wp-json\/wp\/v2\/types\/post"}],"author":[{"embeddable":true,"href":"https:\/\/przedszkole136.edu.wroclaw.pl\/index.php\/wp-json\/wp\/v2\/users\/190"}],"replies":[{"embeddable":true,"href":"https:\/\/przedszkole136.edu.wroclaw.pl\/index.php\/wp-json\/wp\/v2\/comments?post=3377"}],"version-history":[{"count":1,"href":"https:\/\/przedszkole136.edu.wroclaw.pl\/index.php\/wp-json\/wp\/v2\/posts\/3377\/revisions"}],"predecessor-version":[{"id":4048,"href":"https:\/\/przedszkole136.edu.wroclaw.pl\/index.php\/wp-json\/wp\/v2\/posts\/3377\/revisions\/4048"}],"wp:featuredmedia":[{"embeddable":true,"href":"https:\/\/przedszkole136.edu.wroclaw.pl\/index.php\/wp-json\/"}],"wp:attachment":[{"href":"https:\/\/przedszkole136.edu.wroclaw.pl\/index.php\/wp-json\/wp\/v2\/media?parent=3377"}],"wp:term":[{"taxonomy":"category","embeddable":true,"href":"https:\/\/przedszkole136.edu.wroclaw.pl\/index.php\/wp-json\/wp\/v2\/categories?post=3377"},{"taxonomy":"post_tag","embeddable":true,"href":"https:\/\/przedszkole136.edu.wroclaw.pl\/index.php\/wp-json\/wp\/v2\/tags?post=3377"}],"curies":[{"name":"wp","href":"https:\/\/api.w.org\/{rel}","templated":true}]}}