
{"id":3321,"date":"2020-10-16T13:26:19","date_gmt":"2020-10-16T11:26:19","guid":{"rendered":"http:\/\/maly-sportowiec.pl\/?p=3321"},"modified":"2021-04-08T08:11:04","modified_gmt":"2021-04-08T06:11:04","slug":"uwaga-wazna-informacja","status":"publish","type":"post","link":"https:\/\/przedszkole136.edu.wroclaw.pl\/index.php\/2020\/10\/16\/uwaga-wazna-informacja\/","title":{"rendered":"UWAGA WA\u017bNA INFORMACJA"},"content":{"rendered":"<p>\t\t\t\t<span data-mce-type=\"bookmark\" style=\"width: 0px;overflow: hidden;line-height: 0\" class=\"mce_SELRES_start\">\ufeff<\/span>Szanowni Pa\u0144stwo, <\/p>\n<p>Informuj\u0119, \u017ce dnia 16.10.2020 r otrzyma\u0142am zg\u0142oszenie, i\u017c rodzic dw\u00f3jki dzieci ucz\u0119szczaj\u0105cych do naszego przedszkola ( 3-latka i 6 latka) ma potwierdzone zachorowanie na COVID-19. Dzieci zosta\u0142y zabrane do domu dnia dzisiejszego oko\u0142o godziny 12-tej. W przedszkolu zosta\u0142y wdro\u017cone wszelkie procedury s\u0142u\u017c\u0105ce zwalczaniu COVID-19. Dyrektor przedszkola o wy\u017cej wymienionej sytuacji powiadomi\u0142 wszystkie instytucje sprawuj\u0105ce nadz\u00f3r ( Departament Edukacji, Kuratorium O\u015bwiaty, Sanepid, Centrum Zarz\u0105dzania Kryzysowego) oraz rodzic\u00f3w grupy wychowank\u00f3w. <span data-mce-type=\"bookmark\" style=\"width: 0px;overflow: hidden;line-height: 0\" class=\"mce_SELRES_start\">\ufeff<\/span>\t\t<\/p>\n","protected":false},"excerpt":{"rendered":"<p>\ufeffSzanowni Pa\u0144stwo, Informuj\u0119, \u017ce dnia 16.10.2020 r otrzyma\u0142am zg\u0142oszenie, i\u017c rodzic dw\u00f3jki dzieci ucz\u0119szczaj\u0105cych do naszego przedszkola ( 3-latka i 6 latka) ma potwierdzone zachorowanie na COVID-19. Dzieci zosta\u0142y zabrane [&hellip;]<\/p>\n","protected":false},"author":190,"featured_media":3322,"comment_status":"open","ping_status":"open","sticky":false,"template":"","format":"standard","meta":{"ngg_post_thumbnail":0,"footnotes":""},"categories":[1],"tags":[],"class_list":["post-3321","post","type-post","status-publish","format-standard","has-post-thumbnail","hentry","category-aktualnosci","clearfix"],"_links":{"self":[{"href":"https:\/\/przedszkole136.edu.wroclaw.pl\/index.php\/wp-json\/wp\/v2\/posts\/3321","targetHints":{"allow":["GET"]}}],"collection":[{"href":"https:\/\/przedszkole136.edu.wroclaw.pl\/index.php\/wp-json\/wp\/v2\/posts"}],"about":[{"href":"https:\/\/przedszkole136.edu.wroclaw.pl\/index.php\/wp-json\/wp\/v2\/types\/post"}],"author":[{"embeddable":true,"href":"https:\/\/przedszkole136.edu.wroclaw.pl\/index.php\/wp-json\/wp\/v2\/users\/190"}],"replies":[{"embeddable":true,"href":"https:\/\/przedszkole136.edu.wroclaw.pl\/index.php\/wp-json\/wp\/v2\/comments?post=3321"}],"version-history":[{"count":1,"href":"https:\/\/przedszkole136.edu.wroclaw.pl\/index.php\/wp-json\/wp\/v2\/posts\/3321\/revisions"}],"predecessor-version":[{"id":4058,"href":"https:\/\/przedszkole136.edu.wroclaw.pl\/index.php\/wp-json\/wp\/v2\/posts\/3321\/revisions\/4058"}],"wp:featuredmedia":[{"embeddable":true,"href":"https:\/\/przedszkole136.edu.wroclaw.pl\/index.php\/wp-json\/"}],"wp:attachment":[{"href":"https:\/\/przedszkole136.edu.wroclaw.pl\/index.php\/wp-json\/wp\/v2\/media?parent=3321"}],"wp:term":[{"taxonomy":"category","embeddable":true,"href":"https:\/\/przedszkole136.edu.wroclaw.pl\/index.php\/wp-json\/wp\/v2\/categories?post=3321"},{"taxonomy":"post_tag","embeddable":true,"href":"https:\/\/przedszkole136.edu.wroclaw.pl\/index.php\/wp-json\/wp\/v2\/tags?post=3321"}],"curies":[{"name":"wp","href":"https:\/\/api.w.org\/{rel}","templated":true}]}}