
{"id":3312,"date":"2020-10-14T12:18:41","date_gmt":"2020-10-14T10:18:41","guid":{"rendered":"http:\/\/maly-sportowiec.pl\/?p=3312"},"modified":"2021-04-08T08:11:04","modified_gmt":"2021-04-08T06:11:04","slug":"dzien-edukacji-narodowej","status":"publish","type":"post","link":"https:\/\/przedszkole136.edu.wroclaw.pl\/index.php\/2020\/10\/14\/dzien-edukacji-narodowej\/","title":{"rendered":"Dzie\u0144 Edukacji Narodowej"},"content":{"rendered":"<p>\t\t\t\tCo to Dzie\u0144 Nauczyciela?<\/p>\n<p>\u2013 Ka\u017cde Dziecko wie<br \/>\nLecz poprawnie w kalendarzu<br \/>\nInaczej si\u0119 zwie<br \/>\nDzie\u0144 Komisji Edukacji<br \/>\nTo w\u0142a\u015bciwa nazwa<br \/>\nPowt\u00f3rz kilka razy<br \/>\nBo jest bardzo wa\u017cna<br \/>\nSwoim \u015bwi\u0119tem obejmuje<br \/>\nBardzo wielu ludzi,<br \/>\nCo nad prac\u0105 w Twej plac\u00f3wce<br \/>\nCodziennie si\u0119 trudzi<br \/>\nTych, co ucz\u0105, szkol\u0105<br \/>\nTych, co zarz\u0105dzaj\u0105<br \/>\nOgr\u00f3d piel\u0119gnuj\u0105<br \/>\nKarmi\u0105 i sprz\u0105taj\u0105<br \/>\nDzisiaj \u015bwi\u0119to maj\u0105<br \/>\nZa swoje zas\u0142ugi<br \/>\nSekretarki, Panie z kuchni,<br \/>\nI Panie z obs\u0142ugi<br \/>\nNie tylko Dyrektor<br \/>\nI Nauczyciele<br \/>\nOs\u00f3b w szkole czy w przedszkolu<br \/>\nDo pracy jest wiele<\/p>\n<p>Autor: Agata Dziechciarczyk\t\t<\/p>\n","protected":false},"excerpt":{"rendered":"<p>Co to Dzie\u0144 Nauczyciela? \u2013 Ka\u017cde Dziecko wie Lecz poprawnie w kalendarzu Inaczej si\u0119 zwie Dzie\u0144 Komisji Edukacji To w\u0142a\u015bciwa nazwa Powt\u00f3rz kilka razy Bo jest bardzo wa\u017cna Swoim \u015bwi\u0119tem [&hellip;]<\/p>\n","protected":false},"author":190,"featured_media":3313,"comment_status":"open","ping_status":"open","sticky":false,"template":"","format":"standard","meta":{"ngg_post_thumbnail":0,"footnotes":""},"categories":[1],"tags":[],"class_list":["post-3312","post","type-post","status-publish","format-standard","has-post-thumbnail","hentry","category-aktualnosci","clearfix"],"_links":{"self":[{"href":"https:\/\/przedszkole136.edu.wroclaw.pl\/index.php\/wp-json\/wp\/v2\/posts\/3312","targetHints":{"allow":["GET"]}}],"collection":[{"href":"https:\/\/przedszkole136.edu.wroclaw.pl\/index.php\/wp-json\/wp\/v2\/posts"}],"about":[{"href":"https:\/\/przedszkole136.edu.wroclaw.pl\/index.php\/wp-json\/wp\/v2\/types\/post"}],"author":[{"embeddable":true,"href":"https:\/\/przedszkole136.edu.wroclaw.pl\/index.php\/wp-json\/wp\/v2\/users\/190"}],"replies":[{"embeddable":true,"href":"https:\/\/przedszkole136.edu.wroclaw.pl\/index.php\/wp-json\/wp\/v2\/comments?post=3312"}],"version-history":[{"count":1,"href":"https:\/\/przedszkole136.edu.wroclaw.pl\/index.php\/wp-json\/wp\/v2\/posts\/3312\/revisions"}],"predecessor-version":[{"id":4060,"href":"https:\/\/przedszkole136.edu.wroclaw.pl\/index.php\/wp-json\/wp\/v2\/posts\/3312\/revisions\/4060"}],"wp:featuredmedia":[{"embeddable":true,"href":"https:\/\/przedszkole136.edu.wroclaw.pl\/index.php\/wp-json\/"}],"wp:attachment":[{"href":"https:\/\/przedszkole136.edu.wroclaw.pl\/index.php\/wp-json\/wp\/v2\/media?parent=3312"}],"wp:term":[{"taxonomy":"category","embeddable":true,"href":"https:\/\/przedszkole136.edu.wroclaw.pl\/index.php\/wp-json\/wp\/v2\/categories?post=3312"},{"taxonomy":"post_tag","embeddable":true,"href":"https:\/\/przedszkole136.edu.wroclaw.pl\/index.php\/wp-json\/wp\/v2\/tags?post=3312"}],"curies":[{"name":"wp","href":"https:\/\/api.w.org\/{rel}","templated":true}]}}