
{"id":3264,"date":"2020-09-30T10:37:49","date_gmt":"2020-09-30T08:37:49","guid":{"rendered":"http:\/\/maly-sportowiec.pl\/?p=3264"},"modified":"2021-04-08T08:11:04","modified_gmt":"2021-04-08T06:11:04","slug":"dzien-chlopaka","status":"publish","type":"post","link":"https:\/\/przedszkole136.edu.wroclaw.pl\/index.php\/2020\/09\/30\/dzien-chlopaka\/","title":{"rendered":"DZIE\u0143 CH\u0141OPAKA"},"content":{"rendered":"<p>\t\t\t\tW tym dniu szczeg\u00f3lnym \u2013 wrze\u015bnia trzydziestego,<br \/>\nWitamy serdecznie ch\u0142opaka ka\u017cdego.<br \/>\nDzisiaj \u015bwi\u0119to Wasze, dzie\u0144 prezent\u00f3w, \u017cycze\u0144,<br \/>\nInnych przyjemno\u015bci ju\u017c nawet nie zlicz\u0119!\t\t<\/p>\n","protected":false},"excerpt":{"rendered":"<p>W tym dniu szczeg\u00f3lnym \u2013 wrze\u015bnia trzydziestego, Witamy serdecznie ch\u0142opaka ka\u017cdego. Dzisiaj \u015bwi\u0119to Wasze, dzie\u0144 prezent\u00f3w, \u017cycze\u0144, Innych przyjemno\u015bci ju\u017c nawet nie zlicz\u0119!<\/p>\n","protected":false},"author":190,"featured_media":3267,"comment_status":"open","ping_status":"open","sticky":false,"template":"","format":"standard","meta":{"ngg_post_thumbnail":0,"footnotes":""},"categories":[1],"tags":[],"class_list":["post-3264","post","type-post","status-publish","format-standard","has-post-thumbnail","hentry","category-aktualnosci","clearfix"],"_links":{"self":[{"href":"https:\/\/przedszkole136.edu.wroclaw.pl\/index.php\/wp-json\/wp\/v2\/posts\/3264","targetHints":{"allow":["GET"]}}],"collection":[{"href":"https:\/\/przedszkole136.edu.wroclaw.pl\/index.php\/wp-json\/wp\/v2\/posts"}],"about":[{"href":"https:\/\/przedszkole136.edu.wroclaw.pl\/index.php\/wp-json\/wp\/v2\/types\/post"}],"author":[{"embeddable":true,"href":"https:\/\/przedszkole136.edu.wroclaw.pl\/index.php\/wp-json\/wp\/v2\/users\/190"}],"replies":[{"embeddable":true,"href":"https:\/\/przedszkole136.edu.wroclaw.pl\/index.php\/wp-json\/wp\/v2\/comments?post=3264"}],"version-history":[{"count":1,"href":"https:\/\/przedszkole136.edu.wroclaw.pl\/index.php\/wp-json\/wp\/v2\/posts\/3264\/revisions"}],"predecessor-version":[{"id":4064,"href":"https:\/\/przedszkole136.edu.wroclaw.pl\/index.php\/wp-json\/wp\/v2\/posts\/3264\/revisions\/4064"}],"wp:featuredmedia":[{"embeddable":true,"href":"https:\/\/przedszkole136.edu.wroclaw.pl\/index.php\/wp-json\/"}],"wp:attachment":[{"href":"https:\/\/przedszkole136.edu.wroclaw.pl\/index.php\/wp-json\/wp\/v2\/media?parent=3264"}],"wp:term":[{"taxonomy":"category","embeddable":true,"href":"https:\/\/przedszkole136.edu.wroclaw.pl\/index.php\/wp-json\/wp\/v2\/categories?post=3264"},{"taxonomy":"post_tag","embeddable":true,"href":"https:\/\/przedszkole136.edu.wroclaw.pl\/index.php\/wp-json\/wp\/v2\/tags?post=3264"}],"curies":[{"name":"wp","href":"https:\/\/api.w.org\/{rel}","templated":true}]}}