
{"id":3260,"date":"2020-09-29T10:05:09","date_gmt":"2020-09-29T08:05:09","guid":{"rendered":"http:\/\/maly-sportowiec.pl\/?p=3260"},"modified":"2021-04-08T08:11:04","modified_gmt":"2021-04-08T06:11:04","slug":"mali-wspaniali-2","status":"publish","type":"post","link":"https:\/\/przedszkole136.edu.wroclaw.pl\/index.php\/2020\/09\/29\/mali-wspaniali-2\/","title":{"rendered":"Mali Wspaniali"},"content":{"rendered":"<p>\t\t\t\tDrodzy Rodzice,<br \/>\nwe wtorki w naszym przedszkolu odbywaj\u0105 si\u0119 zaj\u0119cia karate w ramach &#8222;Ma\u0142ych Wspania\u0142ych&#8221;. Dzieci \u0107wicz\u0105 na boso. Prosimy w tym dniu ubiera\u0107 dzieci tak, aby \u0142atwo by\u0142o przygotowa\u0107 si\u0119 do zaj\u0119\u0107 (najlepiej getry i skarpetki, kt\u00f3re \u0142atwo \u015bci\u0105gn\u0105\u0107).\t\t<\/p>\n","protected":false},"excerpt":{"rendered":"<p>Drodzy Rodzice, we wtorki w naszym przedszkolu odbywaj\u0105 si\u0119 zaj\u0119cia karate w ramach &#8222;Ma\u0142ych Wspania\u0142ych&#8221;. Dzieci \u0107wicz\u0105 na boso. Prosimy w tym dniu ubiera\u0107 dzieci tak, aby \u0142atwo by\u0142o przygotowa\u0107 [&hellip;]<\/p>\n","protected":false},"author":190,"featured_media":3261,"comment_status":"open","ping_status":"open","sticky":false,"template":"","format":"standard","meta":{"ngg_post_thumbnail":0,"footnotes":""},"categories":[1],"tags":[],"class_list":["post-3260","post","type-post","status-publish","format-standard","has-post-thumbnail","hentry","category-aktualnosci","clearfix"],"_links":{"self":[{"href":"https:\/\/przedszkole136.edu.wroclaw.pl\/index.php\/wp-json\/wp\/v2\/posts\/3260","targetHints":{"allow":["GET"]}}],"collection":[{"href":"https:\/\/przedszkole136.edu.wroclaw.pl\/index.php\/wp-json\/wp\/v2\/posts"}],"about":[{"href":"https:\/\/przedszkole136.edu.wroclaw.pl\/index.php\/wp-json\/wp\/v2\/types\/post"}],"author":[{"embeddable":true,"href":"https:\/\/przedszkole136.edu.wroclaw.pl\/index.php\/wp-json\/wp\/v2\/users\/190"}],"replies":[{"embeddable":true,"href":"https:\/\/przedszkole136.edu.wroclaw.pl\/index.php\/wp-json\/wp\/v2\/comments?post=3260"}],"version-history":[{"count":1,"href":"https:\/\/przedszkole136.edu.wroclaw.pl\/index.php\/wp-json\/wp\/v2\/posts\/3260\/revisions"}],"predecessor-version":[{"id":4065,"href":"https:\/\/przedszkole136.edu.wroclaw.pl\/index.php\/wp-json\/wp\/v2\/posts\/3260\/revisions\/4065"}],"wp:featuredmedia":[{"embeddable":true,"href":"https:\/\/przedszkole136.edu.wroclaw.pl\/index.php\/wp-json\/"}],"wp:attachment":[{"href":"https:\/\/przedszkole136.edu.wroclaw.pl\/index.php\/wp-json\/wp\/v2\/media?parent=3260"}],"wp:term":[{"taxonomy":"category","embeddable":true,"href":"https:\/\/przedszkole136.edu.wroclaw.pl\/index.php\/wp-json\/wp\/v2\/categories?post=3260"},{"taxonomy":"post_tag","embeddable":true,"href":"https:\/\/przedszkole136.edu.wroclaw.pl\/index.php\/wp-json\/wp\/v2\/tags?post=3260"}],"curies":[{"name":"wp","href":"https:\/\/api.w.org\/{rel}","templated":true}]}}