
{"id":3235,"date":"2020-09-20T16:02:33","date_gmt":"2020-09-20T14:02:33","guid":{"rendered":"http:\/\/maly-sportowiec.pl\/?p=3235"},"modified":"2021-04-08T08:11:36","modified_gmt":"2021-04-08T06:11:36","slug":"wszystkiego-najlepszego-drogie-przedszkolaki","status":"publish","type":"post","link":"https:\/\/przedszkole136.edu.wroclaw.pl\/index.php\/2020\/09\/20\/wszystkiego-najlepszego-drogie-przedszkolaki\/","title":{"rendered":"Wszystkiego najlepszego drogie Przedszkolaki !!!"},"content":{"rendered":"<h2 style=\"text-align: center\">Wszystkim naszym podopiecznym i ka\u017cdemu z osobna,<\/h2>\n<h2 style=\"text-align: center\">sk\u0142adamy najserdeczniejsze \u017cyczenia z okazji <strong>Dnia Przedszkolaka<\/strong>.<\/h2>\n<h2 style=\"text-align: center\" align=\"center\">\u017byczymy Wam drogie Dzieci,<\/h2>\n<h2 style=\"text-align: center\" align=\"center\">aby u\u015bmiech zawsze go\u015bci\u0142 na waszych twarzach,<\/h2>\n<h2 style=\"text-align: center\" align=\"center\">ka\u017cdy dzie\u0144 by\u0142 wspania\u0142\u0105 przygod\u0105 i ni\u00f3s\u0142 ze sob\u0105 wiele<\/h2>\n<h2 style=\"text-align: center\" align=\"center\">cudownych i pozytywnych do\u015bwiadcze\u0144.<\/h2>\n<h2 style=\"text-align: center\" align=\"center\">Niech Wasze marzenia si\u0119 spe\u0142niaj\u0105 !!!<\/h2>\n<p style=\"text-align: right\">Dyrekcja, Nauczyciele i Pracownicy \ud83d\ude42<\/p>\n","protected":false},"excerpt":{"rendered":"<p>Wszystkim naszym podopiecznym i ka\u017cdemu z osobna, sk\u0142adamy najserdeczniejsze \u017cyczenia z okazji Dnia Przedszkolaka. \u017byczymy Wam drogie Dzieci, aby u\u015bmiech zawsze go\u015bci\u0142 na waszych twarzach, ka\u017cdy dzie\u0144 by\u0142 wspania\u0142\u0105 przygod\u0105 [&hellip;]<\/p>\n","protected":false},"author":190,"featured_media":3236,"comment_status":"open","ping_status":"open","sticky":false,"template":"","format":"standard","meta":{"ngg_post_thumbnail":0,"footnotes":""},"categories":[1],"tags":[],"class_list":["post-3235","post","type-post","status-publish","format-standard","has-post-thumbnail","hentry","category-aktualnosci","clearfix"],"_links":{"self":[{"href":"https:\/\/przedszkole136.edu.wroclaw.pl\/index.php\/wp-json\/wp\/v2\/posts\/3235","targetHints":{"allow":["GET"]}}],"collection":[{"href":"https:\/\/przedszkole136.edu.wroclaw.pl\/index.php\/wp-json\/wp\/v2\/posts"}],"about":[{"href":"https:\/\/przedszkole136.edu.wroclaw.pl\/index.php\/wp-json\/wp\/v2\/types\/post"}],"author":[{"embeddable":true,"href":"https:\/\/przedszkole136.edu.wroclaw.pl\/index.php\/wp-json\/wp\/v2\/users\/190"}],"replies":[{"embeddable":true,"href":"https:\/\/przedszkole136.edu.wroclaw.pl\/index.php\/wp-json\/wp\/v2\/comments?post=3235"}],"version-history":[{"count":1,"href":"https:\/\/przedszkole136.edu.wroclaw.pl\/index.php\/wp-json\/wp\/v2\/posts\/3235\/revisions"}],"predecessor-version":[{"id":4069,"href":"https:\/\/przedszkole136.edu.wroclaw.pl\/index.php\/wp-json\/wp\/v2\/posts\/3235\/revisions\/4069"}],"wp:featuredmedia":[{"embeddable":true,"href":"https:\/\/przedszkole136.edu.wroclaw.pl\/index.php\/wp-json\/"}],"wp:attachment":[{"href":"https:\/\/przedszkole136.edu.wroclaw.pl\/index.php\/wp-json\/wp\/v2\/media?parent=3235"}],"wp:term":[{"taxonomy":"category","embeddable":true,"href":"https:\/\/przedszkole136.edu.wroclaw.pl\/index.php\/wp-json\/wp\/v2\/categories?post=3235"},{"taxonomy":"post_tag","embeddable":true,"href":"https:\/\/przedszkole136.edu.wroclaw.pl\/index.php\/wp-json\/wp\/v2\/tags?post=3235"}],"curies":[{"name":"wp","href":"https:\/\/api.w.org\/{rel}","templated":true}]}}