
{"id":3183,"date":"2020-09-07T12:50:41","date_gmt":"2020-09-07T10:50:41","guid":{"rendered":"http:\/\/maly-sportowiec.pl\/?p=3183"},"modified":"2021-04-08T08:11:36","modified_gmt":"2021-04-08T06:11:36","slug":"mali-wspaniali","status":"publish","type":"post","link":"https:\/\/przedszkole136.edu.wroclaw.pl\/index.php\/2020\/09\/07\/mali-wspaniali\/","title":{"rendered":"Mali Wspaniali"},"content":{"rendered":"<p>\t\t\t\tGrafik zaj\u0119\u0107 Mali Wspaniali na rok szkolny 2020\/2021<br \/>\nZaj\u0119cia odbywa\u0107 si\u0119 b\u0119d\u0105 we wtorki w godz. 8.45 &#8211; 11.45 od 15.09.2020.<br \/>\nGr. VI &#8222;Mali Kolarze&#8221; &#8211; 8.45 &#8211; 9.15<br \/>\nGr. V &#8222;Akrobaci&#8221; &#8211; 9.15 &#8211; 9.45<br \/>\nGr. I &#8222;Baloniki&#8221; &#8211; 9.45 &#8211; 10.15<br \/>\nGr. II &#8222;Bieguski&#8221; &#8211; 10.15 &#8211; 10.45<br \/>\nGr. III &#8222;Futboli\u015bci&#8221; 10.45 &#8211; 11.15<br \/>\nGr. IV &#8222;Sportowe Duszki&#8221; &#8211; 11.15 &#8211; 11.45<br \/>\nProwadz\u0105ca Natalia Szaro\t\t<\/p>\n","protected":false},"excerpt":{"rendered":"<p>Grafik zaj\u0119\u0107 Mali Wspaniali na rok szkolny 2020\/2021 Zaj\u0119cia odbywa\u0107 si\u0119 b\u0119d\u0105 we wtorki w godz. 8.45 &#8211; 11.45 od 15.09.2020. Gr. VI &#8222;Mali Kolarze&#8221; &#8211; 8.45 &#8211; 9.15 Gr. [&hellip;]<\/p>\n","protected":false},"author":190,"featured_media":3185,"comment_status":"open","ping_status":"open","sticky":false,"template":"","format":"standard","meta":{"ngg_post_thumbnail":0,"footnotes":""},"categories":[1],"tags":[],"class_list":["post-3183","post","type-post","status-publish","format-standard","has-post-thumbnail","hentry","category-aktualnosci","clearfix"],"_links":{"self":[{"href":"https:\/\/przedszkole136.edu.wroclaw.pl\/index.php\/wp-json\/wp\/v2\/posts\/3183","targetHints":{"allow":["GET"]}}],"collection":[{"href":"https:\/\/przedszkole136.edu.wroclaw.pl\/index.php\/wp-json\/wp\/v2\/posts"}],"about":[{"href":"https:\/\/przedszkole136.edu.wroclaw.pl\/index.php\/wp-json\/wp\/v2\/types\/post"}],"author":[{"embeddable":true,"href":"https:\/\/przedszkole136.edu.wroclaw.pl\/index.php\/wp-json\/wp\/v2\/users\/190"}],"replies":[{"embeddable":true,"href":"https:\/\/przedszkole136.edu.wroclaw.pl\/index.php\/wp-json\/wp\/v2\/comments?post=3183"}],"version-history":[{"count":1,"href":"https:\/\/przedszkole136.edu.wroclaw.pl\/index.php\/wp-json\/wp\/v2\/posts\/3183\/revisions"}],"predecessor-version":[{"id":4077,"href":"https:\/\/przedszkole136.edu.wroclaw.pl\/index.php\/wp-json\/wp\/v2\/posts\/3183\/revisions\/4077"}],"wp:featuredmedia":[{"embeddable":true,"href":"https:\/\/przedszkole136.edu.wroclaw.pl\/index.php\/wp-json\/"}],"wp:attachment":[{"href":"https:\/\/przedszkole136.edu.wroclaw.pl\/index.php\/wp-json\/wp\/v2\/media?parent=3183"}],"wp:term":[{"taxonomy":"category","embeddable":true,"href":"https:\/\/przedszkole136.edu.wroclaw.pl\/index.php\/wp-json\/wp\/v2\/categories?post=3183"},{"taxonomy":"post_tag","embeddable":true,"href":"https:\/\/przedszkole136.edu.wroclaw.pl\/index.php\/wp-json\/wp\/v2\/tags?post=3183"}],"curies":[{"name":"wp","href":"https:\/\/api.w.org\/{rel}","templated":true}]}}