
{"id":3139,"date":"2020-09-01T13:16:03","date_gmt":"2020-09-01T11:16:03","guid":{"rendered":"http:\/\/maly-sportowiec.pl\/?p=3139"},"modified":"2021-04-08T08:11:36","modified_gmt":"2021-04-08T06:11:36","slug":"zebranie","status":"publish","type":"post","link":"https:\/\/przedszkole136.edu.wroclaw.pl\/index.php\/2020\/09\/01\/zebranie\/","title":{"rendered":"Zebranie"},"content":{"rendered":"<p>\t\t\t\tRodzice\/Opiekunowie dzieci z grupy I &#8222;Baloniki&#8221;<br \/>\nDyrektor oraz nauczycielki zapraszaj\u0105 Pa\u0144stwa na zebranie, kt\u00f3re odb\u0119dzie si\u0119 7 wrze\u015bnia (poniedzia\u0142ek) o godzinie 15.45 w jadalni.\t\t<\/p>\n","protected":false},"excerpt":{"rendered":"<p>Rodzice\/Opiekunowie dzieci z grupy I &#8222;Baloniki&#8221; Dyrektor oraz nauczycielki zapraszaj\u0105 Pa\u0144stwa na zebranie, kt\u00f3re odb\u0119dzie si\u0119 7 wrze\u015bnia (poniedzia\u0142ek) o godzinie 15.45 w jadalni.<\/p>\n","protected":false},"author":190,"featured_media":3144,"comment_status":"open","ping_status":"open","sticky":false,"template":"","format":"standard","meta":{"ngg_post_thumbnail":0,"footnotes":""},"categories":[1],"tags":[],"class_list":["post-3139","post","type-post","status-publish","format-standard","has-post-thumbnail","hentry","category-aktualnosci","clearfix"],"_links":{"self":[{"href":"https:\/\/przedszkole136.edu.wroclaw.pl\/index.php\/wp-json\/wp\/v2\/posts\/3139","targetHints":{"allow":["GET"]}}],"collection":[{"href":"https:\/\/przedszkole136.edu.wroclaw.pl\/index.php\/wp-json\/wp\/v2\/posts"}],"about":[{"href":"https:\/\/przedszkole136.edu.wroclaw.pl\/index.php\/wp-json\/wp\/v2\/types\/post"}],"author":[{"embeddable":true,"href":"https:\/\/przedszkole136.edu.wroclaw.pl\/index.php\/wp-json\/wp\/v2\/users\/190"}],"replies":[{"embeddable":true,"href":"https:\/\/przedszkole136.edu.wroclaw.pl\/index.php\/wp-json\/wp\/v2\/comments?post=3139"}],"version-history":[{"count":1,"href":"https:\/\/przedszkole136.edu.wroclaw.pl\/index.php\/wp-json\/wp\/v2\/posts\/3139\/revisions"}],"predecessor-version":[{"id":4082,"href":"https:\/\/przedszkole136.edu.wroclaw.pl\/index.php\/wp-json\/wp\/v2\/posts\/3139\/revisions\/4082"}],"wp:featuredmedia":[{"embeddable":true,"href":"https:\/\/przedszkole136.edu.wroclaw.pl\/index.php\/wp-json\/"}],"wp:attachment":[{"href":"https:\/\/przedszkole136.edu.wroclaw.pl\/index.php\/wp-json\/wp\/v2\/media?parent=3139"}],"wp:term":[{"taxonomy":"category","embeddable":true,"href":"https:\/\/przedszkole136.edu.wroclaw.pl\/index.php\/wp-json\/wp\/v2\/categories?post=3139"},{"taxonomy":"post_tag","embeddable":true,"href":"https:\/\/przedszkole136.edu.wroclaw.pl\/index.php\/wp-json\/wp\/v2\/tags?post=3139"}],"curies":[{"name":"wp","href":"https:\/\/api.w.org\/{rel}","templated":true}]}}