
{"id":3109,"date":"2020-08-27T09:58:43","date_gmt":"2020-08-27T07:58:43","guid":{"rendered":"http:\/\/maly-sportowiec.pl\/?p=3109"},"modified":"2021-04-08T08:11:36","modified_gmt":"2021-04-08T06:11:36","slug":"wyprawka-dla-trzylatkow","status":"publish","type":"post","link":"https:\/\/przedszkole136.edu.wroclaw.pl\/index.php\/2020\/08\/27\/wyprawka-dla-trzylatkow\/","title":{"rendered":"Wyprawka dla trzylatk\u00f3w"},"content":{"rendered":"<p>\t\t\t\tRodzice naszych najm\u0142odszych przedszkolak\u00f3w,<br \/>\nw za\u0142\u0105czeniu znajdziecie informacje dotycz\u0105ce najwa\u017cniejszych rzeczy w jakie nale\u017cy wyposa\u017cy\u0107 dziecko przychodz\u0105ce do przedszkola.<br \/>\n<a href=\"http:\/\/maly-sportowiec.pl\/wp-content\/uploads\/2020\/08\/Wyprawka-dla-3-latka.docx\">Wyprawka dla 3 latka<\/a>\t\t<\/p>\n","protected":false},"excerpt":{"rendered":"<p>Rodzice naszych najm\u0142odszych przedszkolak\u00f3w, w za\u0142\u0105czeniu znajdziecie informacje dotycz\u0105ce najwa\u017cniejszych rzeczy w jakie nale\u017cy wyposa\u017cy\u0107 dziecko przychodz\u0105ce do przedszkola. Wyprawka dla 3 latka<\/p>\n","protected":false},"author":190,"featured_media":3110,"comment_status":"open","ping_status":"open","sticky":false,"template":"","format":"standard","meta":{"ngg_post_thumbnail":0,"footnotes":""},"categories":[1],"tags":[],"class_list":["post-3109","post","type-post","status-publish","format-standard","has-post-thumbnail","hentry","category-aktualnosci","clearfix"],"_links":{"self":[{"href":"https:\/\/przedszkole136.edu.wroclaw.pl\/index.php\/wp-json\/wp\/v2\/posts\/3109","targetHints":{"allow":["GET"]}}],"collection":[{"href":"https:\/\/przedszkole136.edu.wroclaw.pl\/index.php\/wp-json\/wp\/v2\/posts"}],"about":[{"href":"https:\/\/przedszkole136.edu.wroclaw.pl\/index.php\/wp-json\/wp\/v2\/types\/post"}],"author":[{"embeddable":true,"href":"https:\/\/przedszkole136.edu.wroclaw.pl\/index.php\/wp-json\/wp\/v2\/users\/190"}],"replies":[{"embeddable":true,"href":"https:\/\/przedszkole136.edu.wroclaw.pl\/index.php\/wp-json\/wp\/v2\/comments?post=3109"}],"version-history":[{"count":1,"href":"https:\/\/przedszkole136.edu.wroclaw.pl\/index.php\/wp-json\/wp\/v2\/posts\/3109\/revisions"}],"predecessor-version":[{"id":4086,"href":"https:\/\/przedszkole136.edu.wroclaw.pl\/index.php\/wp-json\/wp\/v2\/posts\/3109\/revisions\/4086"}],"wp:featuredmedia":[{"embeddable":true,"href":"https:\/\/przedszkole136.edu.wroclaw.pl\/index.php\/wp-json\/"}],"wp:attachment":[{"href":"https:\/\/przedszkole136.edu.wroclaw.pl\/index.php\/wp-json\/wp\/v2\/media?parent=3109"}],"wp:term":[{"taxonomy":"category","embeddable":true,"href":"https:\/\/przedszkole136.edu.wroclaw.pl\/index.php\/wp-json\/wp\/v2\/categories?post=3109"},{"taxonomy":"post_tag","embeddable":true,"href":"https:\/\/przedszkole136.edu.wroclaw.pl\/index.php\/wp-json\/wp\/v2\/tags?post=3109"}],"curies":[{"name":"wp","href":"https:\/\/api.w.org\/{rel}","templated":true}]}}