
{"id":3054,"date":"2020-06-10T07:45:54","date_gmt":"2020-06-10T05:45:54","guid":{"rendered":"http:\/\/maly-sportowiec.pl\/?p=3054"},"modified":"2021-04-08T08:12:01","modified_gmt":"2021-04-08T06:12:01","slug":"podziekowanie-za-gore-grosza","status":"publish","type":"post","link":"https:\/\/przedszkole136.edu.wroclaw.pl\/index.php\/2020\/06\/10\/podziekowanie-za-gore-grosza\/","title":{"rendered":"Podzi\u0119kowanie za &#8222;G\u00f3r\u0119 Grosza&#8221;"},"content":{"rendered":"<p>\t\t\t\tBardzo dzi\u0119kujemy za Pa\u0144stwa zaanga\u017cowanie z akcj\u0119 G\u00f3ra Grosza&#8221;. W 20 edycji wzi\u0119\u0142o udzia\u0142 prawie 8 tysi\u0119cy plac\u00f3wek edukacyjnych, niezliczona ilo\u015b\u0107 nauczycieli, uczni\u00f3w i przedszkolak\u00f3w oraz ich rodzic\u00f3w. Dzi\u0119ki Waszemu zaanga\u017cowaniu uda\u0142o si\u0119 usypa\u0107 na dzie\u0144 18 maja kwot\u0119 2 433 058.75 z\u0142. Pieni\u0105dze te przeznaczymy na pomoc dzieciom wychowuj\u0105cym si\u0119 poza w\u0142asnymi domami (remonty plac\u00f3wek dla m\u0142odzie\u017cy i dzieci, programy, stypendia, wypoczynek itp.).<br \/>\nList z podzi\u0119kowaniami wystosowa\u0142y do naszej plac\u00f3wki Panie Iwona Niemasz &#8211; Przewodnicz\u0105ca Towarzystwa Nasz Dom oraz Pani El\u017cbieta Prz\u0105dka &#8211; koordynatorka &#8222;G\u00f3ry Grosza&#8221;\t\t<\/p>\n","protected":false},"excerpt":{"rendered":"<p>Bardzo dzi\u0119kujemy za Pa\u0144stwa zaanga\u017cowanie z akcj\u0119 G\u00f3ra Grosza&#8221;. W 20 edycji wzi\u0119\u0142o udzia\u0142 prawie 8 tysi\u0119cy plac\u00f3wek edukacyjnych, niezliczona ilo\u015b\u0107 nauczycieli, uczni\u00f3w i przedszkolak\u00f3w oraz ich rodzic\u00f3w. Dzi\u0119ki Waszemu [&hellip;]<\/p>\n","protected":false},"author":190,"featured_media":3055,"comment_status":"open","ping_status":"open","sticky":false,"template":"","format":"standard","meta":{"ngg_post_thumbnail":0,"footnotes":""},"categories":[1],"tags":[],"class_list":["post-3054","post","type-post","status-publish","format-standard","has-post-thumbnail","hentry","category-aktualnosci","clearfix"],"_links":{"self":[{"href":"https:\/\/przedszkole136.edu.wroclaw.pl\/index.php\/wp-json\/wp\/v2\/posts\/3054","targetHints":{"allow":["GET"]}}],"collection":[{"href":"https:\/\/przedszkole136.edu.wroclaw.pl\/index.php\/wp-json\/wp\/v2\/posts"}],"about":[{"href":"https:\/\/przedszkole136.edu.wroclaw.pl\/index.php\/wp-json\/wp\/v2\/types\/post"}],"author":[{"embeddable":true,"href":"https:\/\/przedszkole136.edu.wroclaw.pl\/index.php\/wp-json\/wp\/v2\/users\/190"}],"replies":[{"embeddable":true,"href":"https:\/\/przedszkole136.edu.wroclaw.pl\/index.php\/wp-json\/wp\/v2\/comments?post=3054"}],"version-history":[{"count":1,"href":"https:\/\/przedszkole136.edu.wroclaw.pl\/index.php\/wp-json\/wp\/v2\/posts\/3054\/revisions"}],"predecessor-version":[{"id":4096,"href":"https:\/\/przedszkole136.edu.wroclaw.pl\/index.php\/wp-json\/wp\/v2\/posts\/3054\/revisions\/4096"}],"wp:featuredmedia":[{"embeddable":true,"href":"https:\/\/przedszkole136.edu.wroclaw.pl\/index.php\/wp-json\/"}],"wp:attachment":[{"href":"https:\/\/przedszkole136.edu.wroclaw.pl\/index.php\/wp-json\/wp\/v2\/media?parent=3054"}],"wp:term":[{"taxonomy":"category","embeddable":true,"href":"https:\/\/przedszkole136.edu.wroclaw.pl\/index.php\/wp-json\/wp\/v2\/categories?post=3054"},{"taxonomy":"post_tag","embeddable":true,"href":"https:\/\/przedszkole136.edu.wroclaw.pl\/index.php\/wp-json\/wp\/v2\/tags?post=3054"}],"curies":[{"name":"wp","href":"https:\/\/api.w.org\/{rel}","templated":true}]}}