
{"id":3008,"date":"2020-05-19T16:04:40","date_gmt":"2020-05-19T14:04:40","guid":{"rendered":"http:\/\/maly-sportowiec.pl\/?p=3008"},"modified":"2021-04-08T08:12:02","modified_gmt":"2021-04-08T06:12:02","slug":"system-opieki-wakacyjnej-w-przedszkolu","status":"publish","type":"post","link":"https:\/\/przedszkole136.edu.wroclaw.pl\/index.php\/2020\/05\/19\/system-opieki-wakacyjnej-w-przedszkolu\/","title":{"rendered":"SYSTEM OPIEKI WAKACYJNEJ W PRZEDSZKOLU"},"content":{"rendered":"<p>\t\t\t\tInformujemy, \u017ce ze wzgl\u0119du na obecn\u0105 sytuacj\u0119 epidemiologiczn\u0105 zosta\u0142y zmienione Dy\u017cury Wakacyjne Przedszkoli. W zwi\u0105zku z tym zgodnie z wytycznymi Departamentu Edukacji zosta\u0142a ustalona nowa przerwa wakacyjna obowi\u0105zuj\u0105ca w naszym przedszkolu.\u00a0 Na pro\u015bb\u0119 Rodzic\u00f3w ( pismo z\u0142o\u017cone przez Rad\u0119 Rodzic\u00f3w\u00a0 dnia 8.05.2020r.) przerwa wakacyjna zosta\u0142a prze\u0142o\u017cona na miesi\u0105c sierpie\u0144.<\/p>\n<p>Przedszkole b\u0119dzie <strong>zamkni\u0119te \u00a0<\/strong>w dniach od <strong>3.08. do 14.08 2020r.<\/strong><\/p>\n<p>&nbsp;<\/p>\n<p>Przedszkole pracowa\u0107 bedzie w okresie od 1.07.2020 r. do\u00a0 31.07.2020 r. oraz od 17.08.2020r. do 31.08.2020 r.<\/p>\n<p>W zwi\u0105zku z powy\u017cszym, prosimy rodzic\u00f3w o wype\u0142nienie i przes\u0142anie drog\u0105 elektroniczn\u0105 na adres <span class=\"qu\" role=\"gridcell\"><span class=\"go\">Sekretariat.p136@wroclawskaedukacja.pl lub adres\u00a0<\/span><\/span>konkurs.przedszkole136@gmail.com odpowiednich dokument\u00f3w:<\/p>\n<p>&#8211; deklaracji skorzystania z przedszkola- za\u0142\u0105cznik 1<br \/>\n&#8211; rezygnacji z opieki w okresie wakacyjnym &#8211; za\u0142\u0105cznik 2<br \/>\n&#8211; podania o skorzystanie z systemu wakacyjnego w innym przedszkolu w terminie 3-14,.08.2020- za\u0142\u0105cznik 3<\/p>\n<p>Dokumenty prosz\u0119 przes\u0142a\u0107 do <strong>22 maja<\/strong>.<\/p>\n<p>W szczeg\u00f3lnie uzasadnionych przypadkach zostanie Pa\u0144stwu wskazane inne przedszkole, z kt\u00f3rego b\u0119dzie mo\u017cna skorzyta\u0107 w terminie 3-14 sierpnia 2020.<\/p>\n<p><a href=\"http:\/\/maly-sportowiec.pl\/wp-content\/uploads\/2020\/05\/ZA\u0141\u0104CZNIK-1.docx\">ZA\u0141\u0104CZNIK 1<\/a><br \/>\n<a href=\"http:\/\/maly-sportowiec.pl\/wp-content\/uploads\/2020\/05\/ZA\u0141\u0104CZNIK-2.docx\">ZA\u0141\u0104CZNIK 2<\/a><br \/>\n<a href=\"http:\/\/maly-sportowiec.pl\/wp-content\/uploads\/2020\/05\/ZA\u0141\u0104CZNIK-3.docx\">ZA\u0141\u0104CZNIK 3<\/a>\t\t<\/p>\n","protected":false},"excerpt":{"rendered":"<p>Informujemy, \u017ce ze wzgl\u0119du na obecn\u0105 sytuacj\u0119 epidemiologiczn\u0105 zosta\u0142y zmienione Dy\u017cury Wakacyjne Przedszkoli. W zwi\u0105zku z tym zgodnie z wytycznymi Departamentu Edukacji zosta\u0142a ustalona nowa przerwa wakacyjna obowi\u0105zuj\u0105ca w naszym [&hellip;]<\/p>\n","protected":false},"author":190,"featured_media":3014,"comment_status":"open","ping_status":"open","sticky":false,"template":"","format":"standard","meta":{"ngg_post_thumbnail":0,"footnotes":""},"categories":[1],"tags":[],"class_list":["post-3008","post","type-post","status-publish","format-standard","has-post-thumbnail","hentry","category-aktualnosci","clearfix"],"_links":{"self":[{"href":"https:\/\/przedszkole136.edu.wroclaw.pl\/index.php\/wp-json\/wp\/v2\/posts\/3008","targetHints":{"allow":["GET"]}}],"collection":[{"href":"https:\/\/przedszkole136.edu.wroclaw.pl\/index.php\/wp-json\/wp\/v2\/posts"}],"about":[{"href":"https:\/\/przedszkole136.edu.wroclaw.pl\/index.php\/wp-json\/wp\/v2\/types\/post"}],"author":[{"embeddable":true,"href":"https:\/\/przedszkole136.edu.wroclaw.pl\/index.php\/wp-json\/wp\/v2\/users\/190"}],"replies":[{"embeddable":true,"href":"https:\/\/przedszkole136.edu.wroclaw.pl\/index.php\/wp-json\/wp\/v2\/comments?post=3008"}],"version-history":[{"count":1,"href":"https:\/\/przedszkole136.edu.wroclaw.pl\/index.php\/wp-json\/wp\/v2\/posts\/3008\/revisions"}],"predecessor-version":[{"id":4106,"href":"https:\/\/przedszkole136.edu.wroclaw.pl\/index.php\/wp-json\/wp\/v2\/posts\/3008\/revisions\/4106"}],"wp:featuredmedia":[{"embeddable":true,"href":"https:\/\/przedszkole136.edu.wroclaw.pl\/index.php\/wp-json\/"}],"wp:attachment":[{"href":"https:\/\/przedszkole136.edu.wroclaw.pl\/index.php\/wp-json\/wp\/v2\/media?parent=3008"}],"wp:term":[{"taxonomy":"category","embeddable":true,"href":"https:\/\/przedszkole136.edu.wroclaw.pl\/index.php\/wp-json\/wp\/v2\/categories?post=3008"},{"taxonomy":"post_tag","embeddable":true,"href":"https:\/\/przedszkole136.edu.wroclaw.pl\/index.php\/wp-json\/wp\/v2\/tags?post=3008"}],"curies":[{"name":"wp","href":"https:\/\/api.w.org\/{rel}","templated":true}]}}