
{"id":2990,"date":"2020-05-08T16:00:00","date_gmt":"2020-05-08T14:00:00","guid":{"rendered":"http:\/\/maly-sportowiec.pl\/?p=2990"},"modified":"2021-04-08T08:12:16","modified_gmt":"2021-04-08T06:12:16","slug":"otwarcie-przedszkola","status":"publish","type":"post","link":"https:\/\/przedszkole136.edu.wroclaw.pl\/index.php\/2020\/05\/08\/otwarcie-przedszkola\/","title":{"rendered":"Otwarcie Przedszkola"},"content":{"rendered":"<p>\t\t\t\tDrodzy Rodzice!<\/p>\n<p>Informuj\u0119, \u017ce Przedszkole nr 136 rozpoczyna swoj\u0105 prac\u0119 od poniedzia\u0142ku <strong>11.05.2020<\/strong> w godzinach <strong>7.00-17.00<\/strong> ( Prosz\u0119 zwr\u00f3ci\u0107 uwag\u0119, \u017ce zmieni\u0142a si\u0119 godzina otwarcia plac\u00f3wki)<\/p>\n<p>Pragn\u0119 przypomnie\u0107, \u017ce w pierwszej kolejno\u015bci zosta\u0142y zakwalifikowane dzieci os\u00f3b z priorytet\u00f3w wymienionych w zarz\u0105dzeniu. O przyj\u0119ciach zostali Pa\u0144stwo poinformowani telefonicznie. Prosimy pami\u0119ta\u0107 o dostarczeniu orygina\u0142\u00f3w o\u015bwiadcze\u0144, kt\u00f3re wysy\u0142ali Pa\u0144stwo drog\u0105 e-mail w dniu przyprowadzenia dziecka do przedszkola. O\u015bwiadczenia powinny znajdowa\u0107 si\u0119 w zamkni\u0119tej kopercie oraz powinny zosta\u0107 z\u0142o\u017cone do kartonu przy wej\u015bciu do przedszkola.<\/p>\n<p>O wszelkich zmianach i przyj\u0119ciach pozosta\u0142ych dzieci ( ubiegaj\u0105cych si\u0119 o miejsca) b\u0119dziemy informowa\u0107 w miar\u0119 rozwoju sytuacji.<\/p>\n<p>Dyrektor Przedszkola nr 136\t\t<\/p>\n","protected":false},"excerpt":{"rendered":"<p>Drodzy Rodzice! Informuj\u0119, \u017ce Przedszkole nr 136 rozpoczyna swoj\u0105 prac\u0119 od poniedzia\u0142ku 11.05.2020 w godzinach 7.00-17.00 ( Prosz\u0119 zwr\u00f3ci\u0107 uwag\u0119, \u017ce zmieni\u0142a si\u0119 godzina otwarcia plac\u00f3wki) Pragn\u0119 przypomnie\u0107, \u017ce w [&hellip;]<\/p>\n","protected":false},"author":190,"featured_media":0,"comment_status":"open","ping_status":"open","sticky":false,"template":"","format":"standard","meta":{"ngg_post_thumbnail":0,"footnotes":""},"categories":[1],"tags":[],"class_list":["post-2990","post","type-post","status-publish","format-standard","hentry","category-aktualnosci","clearfix"],"_links":{"self":[{"href":"https:\/\/przedszkole136.edu.wroclaw.pl\/index.php\/wp-json\/wp\/v2\/posts\/2990","targetHints":{"allow":["GET"]}}],"collection":[{"href":"https:\/\/przedszkole136.edu.wroclaw.pl\/index.php\/wp-json\/wp\/v2\/posts"}],"about":[{"href":"https:\/\/przedszkole136.edu.wroclaw.pl\/index.php\/wp-json\/wp\/v2\/types\/post"}],"author":[{"embeddable":true,"href":"https:\/\/przedszkole136.edu.wroclaw.pl\/index.php\/wp-json\/wp\/v2\/users\/190"}],"replies":[{"embeddable":true,"href":"https:\/\/przedszkole136.edu.wroclaw.pl\/index.php\/wp-json\/wp\/v2\/comments?post=2990"}],"version-history":[{"count":1,"href":"https:\/\/przedszkole136.edu.wroclaw.pl\/index.php\/wp-json\/wp\/v2\/posts\/2990\/revisions"}],"predecessor-version":[{"id":4111,"href":"https:\/\/przedszkole136.edu.wroclaw.pl\/index.php\/wp-json\/wp\/v2\/posts\/2990\/revisions\/4111"}],"wp:attachment":[{"href":"https:\/\/przedszkole136.edu.wroclaw.pl\/index.php\/wp-json\/wp\/v2\/media?parent=2990"}],"wp:term":[{"taxonomy":"category","embeddable":true,"href":"https:\/\/przedszkole136.edu.wroclaw.pl\/index.php\/wp-json\/wp\/v2\/categories?post=2990"},{"taxonomy":"post_tag","embeddable":true,"href":"https:\/\/przedszkole136.edu.wroclaw.pl\/index.php\/wp-json\/wp\/v2\/tags?post=2990"}],"curies":[{"name":"wp","href":"https:\/\/api.w.org\/{rel}","templated":true}]}}