
{"id":2822,"date":"2020-04-22T20:14:25","date_gmt":"2020-04-22T18:14:25","guid":{"rendered":"http:\/\/maly-sportowiec.pl\/?p=2822"},"modified":"2021-04-08T08:12:46","modified_gmt":"2021-04-08T06:12:46","slug":"mali-sportowcy-dbaja-o-nasza-planete","status":"publish","type":"post","link":"https:\/\/przedszkole136.edu.wroclaw.pl\/index.php\/2020\/04\/22\/mali-sportowcy-dbaja-o-nasza-planete\/","title":{"rendered":"Mali sportowcy dbaj\u0105 o nasz\u0105 planet\u0119"},"content":{"rendered":"<p>\t\t\t\t\u201eOby nadchodz\u0105ce Dni Ziemi by\u0142y spokojne i pogodne dla naszego pi\u0119knego statku kosmicznego, jakim jest nasza planeta w miar\u0119 jak kr\u0119ci si\u0119 oraz kr\u0105\u017cy w mro\u017anej przestrzeni ze swoim ciep\u0142ym i wra\u017cliwym \u0142adunkiem o\u017cywionej natury\u201d.<br \/>\nSekretarz Generalny ONZ U Thant, 21 marca 1971 r.<\/p>\n<p>22 kwietnia ludzie na ca\u0142ym \u015bwiecie \u015bwi\u0119tuj\u0105 Dzie\u0144 Ziemi. Idea troski o niebiesk\u0105 planet\u0119 \u0142\u0105czy ludzi niezale\u017cnie od narodowo\u015bci, wyznania, zawodu czy wieku.<br \/>\nMi\u0119dzynarodowy Dzie\u0144 Ziemi po raz pierwszy odby\u0142 si\u0119 w 1970 roku. To wyj\u0105tkowe \u015bwi\u0119to do dzi\u015b ma u\u015bwiadamia\u0107, jak wa\u017cne jest dbanie o nasz\u0105 planet\u0119.<br \/>\n\u015awi\u0119to to obchodzone to jest w momencie r\u00f3wnonocy wiosennej na p\u00f3\u0142kuli p\u00f3\u0142nocnej i r\u00f3wnonocy jesiennej na p\u00f3\u0142kuli po\u0142udniowej, a co za tym idzie, wyr\u00f3\u017cnia si\u0119 tym, \u017ce na ca\u0142ej planecie dzie\u0144 trwa tyle samo, co noc. Jest to dzie\u0144 swoistej r\u00f3wnowagi mog\u0105cej pom\u00f3c w odrzuceniu wzajemnych r\u00f3\u017cnic mi\u0119dzy lud\u017ami, kt\u00f3rzy dziel\u0105 mi\u0119dzy siebie t\u0119 sam\u0105 planet\u0119, kt\u00f3ra &#8211; wed\u0142ug organizator\u00f3w Dnia Ziemi &#8211; jest naszym wsp\u00f3lnym dobrem.<\/p>\n<p>Zach\u0119camy zatem rodzic\u00f3w wraz z dzie\u0107mi do skorzystania z za\u0142\u0105czonej prezentacji, w kt\u00f3rej znajdziecie mn\u00f3stwo zada\u0144 o r\u00f3\u017cnym charakterze dotycz\u0105cych ziemi oraz sposob\u00f3w dbania o ni\u0105. \u017byczymy mi\u0142ej nauki przez zabaw\u0119, bo przecie\u017c wszyscy chcemy by\u0107 EKOBOHATERAMI.  <\/p>\n<p><a href=\"https:\/\/l.facebook.com\/l.php?u=https%3A%2F%2Fview.genial.ly%2F5e9abf55b65e370dac6b700c%2Fpresentation-mali-sportowcy-dbaja-o-nasza-planete%3Ffbclid%3DIwAR1TuiSqq5uUBR7Kt2dBpFmjoFDg2yyZXpM6WOLklVm3mYPhykxKRgECfRI&#038;h=AT1EsCLRES1v01kJVVZXrBfFpxRAyXKXoakiCFUG4GvQD9xTHCxIZ8SUdkW_yWJZz9P2XLhqaayZXLy_hCUed3Vu-TdwHJluwPf4QooytIPO3TLF7Zuv5leJIHKu0PDxtD9l6A\">https:\/\/l.facebook.com\/l.php?u=https%3A%2F%2Fview.genial.ly%2F5e9abf55b65e370dac6b700c%2Fpresentation-mali-sportowcy-dbaja-o-nasza-planete%3Ffbclid%3DIwAR1TuiSqq5uUBR7Kt2dBpFmjoFDg2yyZXpM6WOLklVm3mYPhykxKRgECfRI&amp;h=AT1EsCLRES1v01kJVVZXrBfFpxRAyXKXoakiCFUG4GvQD9xTHCxIZ8SUdkW_yWJZz9P2XLhqaayZXLy_hCUed3Vu-TdwHJluwPf4QooytIPO3TLF7Zuv5leJIHKu0PDxtD9l6A<\/a>\t\t<\/p>\n","protected":false},"excerpt":{"rendered":"<p>\u201eOby nadchodz\u0105ce Dni Ziemi by\u0142y spokojne i pogodne dla naszego pi\u0119knego statku kosmicznego, jakim jest nasza planeta w miar\u0119 jak kr\u0119ci si\u0119 oraz kr\u0105\u017cy w mro\u017anej przestrzeni ze swoim ciep\u0142ym [&hellip;]<\/p>\n","protected":false},"author":190,"featured_media":2811,"comment_status":"open","ping_status":"open","sticky":false,"template":"","format":"standard","meta":{"ngg_post_thumbnail":0,"footnotes":""},"categories":[1],"tags":[],"class_list":["post-2822","post","type-post","status-publish","format-standard","has-post-thumbnail","hentry","category-aktualnosci","clearfix"],"_links":{"self":[{"href":"https:\/\/przedszkole136.edu.wroclaw.pl\/index.php\/wp-json\/wp\/v2\/posts\/2822","targetHints":{"allow":["GET"]}}],"collection":[{"href":"https:\/\/przedszkole136.edu.wroclaw.pl\/index.php\/wp-json\/wp\/v2\/posts"}],"about":[{"href":"https:\/\/przedszkole136.edu.wroclaw.pl\/index.php\/wp-json\/wp\/v2\/types\/post"}],"author":[{"embeddable":true,"href":"https:\/\/przedszkole136.edu.wroclaw.pl\/index.php\/wp-json\/wp\/v2\/users\/190"}],"replies":[{"embeddable":true,"href":"https:\/\/przedszkole136.edu.wroclaw.pl\/index.php\/wp-json\/wp\/v2\/comments?post=2822"}],"version-history":[{"count":1,"href":"https:\/\/przedszkole136.edu.wroclaw.pl\/index.php\/wp-json\/wp\/v2\/posts\/2822\/revisions"}],"predecessor-version":[{"id":4132,"href":"https:\/\/przedszkole136.edu.wroclaw.pl\/index.php\/wp-json\/wp\/v2\/posts\/2822\/revisions\/4132"}],"wp:featuredmedia":[{"embeddable":true,"href":"https:\/\/przedszkole136.edu.wroclaw.pl\/index.php\/wp-json\/"}],"wp:attachment":[{"href":"https:\/\/przedszkole136.edu.wroclaw.pl\/index.php\/wp-json\/wp\/v2\/media?parent=2822"}],"wp:term":[{"taxonomy":"category","embeddable":true,"href":"https:\/\/przedszkole136.edu.wroclaw.pl\/index.php\/wp-json\/wp\/v2\/categories?post=2822"},{"taxonomy":"post_tag","embeddable":true,"href":"https:\/\/przedszkole136.edu.wroclaw.pl\/index.php\/wp-json\/wp\/v2\/tags?post=2822"}],"curies":[{"name":"wp","href":"https:\/\/api.w.org\/{rel}","templated":true}]}}