
{"id":2609,"date":"2020-03-31T17:08:17","date_gmt":"2020-03-31T15:08:17","guid":{"rendered":"http:\/\/maly-sportowiec.pl\/?p=2609"},"modified":"2021-04-08T08:12:59","modified_gmt":"2021-04-08T06:12:59","slug":"konkurs","status":"publish","type":"post","link":"https:\/\/przedszkole136.edu.wroclaw.pl\/index.php\/2020\/03\/31\/konkurs\/","title":{"rendered":"KONKURS"},"content":{"rendered":"<p>\t\t\t\tZapraszamy do udzia\u0142u w konkursie \u2013 ,,PISANKA WIELKANOCNA\u201d.<\/p>\n<p>Celem konkursu jest propagowanie tradycji i folkloru zwi\u0105zanego ze \u015bwi\u0119tami wielkanocnymi, pog\u0142\u0119bienie wiedzy na temat symboliki i znaczenia pisanek\/kraszanek w obrz\u0119dowo\u015bci ludowej, popularyzacja sztuki ludowej i r\u0119kodzie\u0142a w\u015br\u00f3d dzieci i m\u0142odzie\u017cy w \u015brodowisku lokalnym oraz kreatywne sp\u0119dzanie czasu z rodzin\u0105.<\/p>\n<p>Konkurs dedykowany jest do dzieci i rodzic\u00f3w wszystkich grup naszego przedszkola.<\/p>\n<p>Nale\u017cy\u00a0 wykona\u0107 jedn\u0105 pisank\u0119\u00a0 lub kraszank\u0119, oklejark\u0119, nalepiank\u0119,\u00a0 zdrapank\u0119,\u00a0 mo\u017ce by\u0107 z mo\u017cliwo\u015bci\u0105 zawieszenia.<\/p>\n<p>Prace nale\u017cy sfotografowa\u0107 i przes\u0142a\u0107 na\u00a0 adres mailowy: <strong>konkurs.przedszkole136@gmail.com\u00a0<\/strong><\/p>\n<p>Najciekawsze prace zostan\u0105 nagrodzone i utworz\u0105 wystaw\u0119 pokonkursow\u0105.\t\t<\/p>\n","protected":false},"excerpt":{"rendered":"<p>Zapraszamy do udzia\u0142u w konkursie \u2013 ,,PISANKA WIELKANOCNA\u201d. Celem konkursu jest propagowanie tradycji i folkloru zwi\u0105zanego ze \u015bwi\u0119tami wielkanocnymi, pog\u0142\u0119bienie wiedzy na temat symboliki i znaczenia pisanek\/kraszanek w obrz\u0119dowo\u015bci ludowej, [&hellip;]<\/p>\n","protected":false},"author":190,"featured_media":2612,"comment_status":"open","ping_status":"open","sticky":false,"template":"","format":"standard","meta":{"ngg_post_thumbnail":0,"footnotes":""},"categories":[1],"tags":[],"class_list":["post-2609","post","type-post","status-publish","format-standard","has-post-thumbnail","hentry","category-aktualnosci","clearfix"],"_links":{"self":[{"href":"https:\/\/przedszkole136.edu.wroclaw.pl\/index.php\/wp-json\/wp\/v2\/posts\/2609","targetHints":{"allow":["GET"]}}],"collection":[{"href":"https:\/\/przedszkole136.edu.wroclaw.pl\/index.php\/wp-json\/wp\/v2\/posts"}],"about":[{"href":"https:\/\/przedszkole136.edu.wroclaw.pl\/index.php\/wp-json\/wp\/v2\/types\/post"}],"author":[{"embeddable":true,"href":"https:\/\/przedszkole136.edu.wroclaw.pl\/index.php\/wp-json\/wp\/v2\/users\/190"}],"replies":[{"embeddable":true,"href":"https:\/\/przedszkole136.edu.wroclaw.pl\/index.php\/wp-json\/wp\/v2\/comments?post=2609"}],"version-history":[{"count":1,"href":"https:\/\/przedszkole136.edu.wroclaw.pl\/index.php\/wp-json\/wp\/v2\/posts\/2609\/revisions"}],"predecessor-version":[{"id":4167,"href":"https:\/\/przedszkole136.edu.wroclaw.pl\/index.php\/wp-json\/wp\/v2\/posts\/2609\/revisions\/4167"}],"wp:featuredmedia":[{"embeddable":true,"href":"https:\/\/przedszkole136.edu.wroclaw.pl\/index.php\/wp-json\/"}],"wp:attachment":[{"href":"https:\/\/przedszkole136.edu.wroclaw.pl\/index.php\/wp-json\/wp\/v2\/media?parent=2609"}],"wp:term":[{"taxonomy":"category","embeddable":true,"href":"https:\/\/przedszkole136.edu.wroclaw.pl\/index.php\/wp-json\/wp\/v2\/categories?post=2609"},{"taxonomy":"post_tag","embeddable":true,"href":"https:\/\/przedszkole136.edu.wroclaw.pl\/index.php\/wp-json\/wp\/v2\/tags?post=2609"}],"curies":[{"name":"wp","href":"https:\/\/api.w.org\/{rel}","templated":true}]}}