
{"id":2541,"date":"2020-03-25T19:26:31","date_gmt":"2020-03-25T18:26:31","guid":{"rendered":"http:\/\/maly-sportowiec.pl\/?p=2541"},"modified":"2021-04-08T08:13:13","modified_gmt":"2021-04-08T06:13:13","slug":"akrobaci","status":"publish","type":"post","link":"https:\/\/przedszkole136.edu.wroclaw.pl\/index.php\/2020\/03\/25\/akrobaci\/","title":{"rendered":"Akrobaci"},"content":{"rendered":"<p>\t\t\t\tDzisiaj kolejna piosenka do wsp\u00f3lnego \u015bpiewania. Przypominam, \u017ce nasze &#8222;\u0142obuzy&#8221; znaj\u0105 melodi\u0119, wystarczy im przeczyta\u0107 pocz\u0105tek i&#8230; utrwalamy tekst.<\/p>\n<p>Jak to przyjemnie maszerowa\u0107<br \/>\ns\u0142oneczko g\u0142aszcze nas po g\u0142owach.<br \/>\nWeso\u0142ym blaskiem \u015bwieci<br \/>\nBo s\u0142onko lubi dzieci.<br \/>\nDzie\u0144 dobry s\u0142onko je\u015bli chcesz,<br \/>\nto na wycieczk\u0119 z nami spiesz.<br \/>\nS\u0142oneczko je\u015bli chcesz<br \/>\nto z nami w\u0119druj te\u017c la, la, la, la, la &#8230;.<br \/>\nWr\u00f3bel si\u0119 te\u017c przywita\u0142 z nami,<br \/>\nbo nam pomacha\u0142 skrzyde\u0142kami.<br \/>\nI w nasz\u0105 stron\u0119 leci, bo wr\u00f3bel lubi dzieci.\u2003<br \/>\nDzie\u0144 dobry wr\u00f3blu je\u015bli chcesz,<br \/>\nto na wycieczk\u0119 z nami spiesz.<br \/>\nWr\u00f3belku je\u015bli chcesz<br \/>\nto z nami w\u0119druj te\u017c la, la, la, la, la &#8230;.<br \/>\nWietrzyk ukradkiem siad\u0142 na klonie,<br \/>\nga\u0142\u0105zki przygi\u0105\u0142 jak w uk\u0142onie.<br \/>\nWylecia\u0142 nam naprzeciw, bo wietrzyk lubi dzieci.<br \/>\nDzie\u0144 dobry wietrze je\u015bli chcesz,<br \/>\nto na wycieczk\u0119 z nami spiesz.<br \/>\nWietrze je\u015bli chcesz<br \/>\nto z nami w\u0119druj te\u017c la, la, la, la, la &#8230;<\/p>\n","protected":false},"excerpt":{"rendered":"<p>Dzisiaj kolejna piosenka do wsp\u00f3lnego \u015bpiewania. Przypominam, \u017ce nasze &#8222;\u0142obuzy&#8221; znaj\u0105 melodi\u0119, wystarczy im przeczyta\u0107 pocz\u0105tek i&#8230; utrwalamy tekst. Jak to przyjemnie maszerowa\u0107 s\u0142oneczko g\u0142aszcze nas po g\u0142owach. Weso\u0142ym blaskiem [&hellip;]<\/p>\n","protected":false},"author":190,"featured_media":2542,"comment_status":"open","ping_status":"open","sticky":false,"template":"","format":"standard","meta":{"ngg_post_thumbnail":0,"footnotes":""},"categories":[1],"tags":[],"class_list":["post-2541","post","type-post","status-publish","format-standard","has-post-thumbnail","hentry","category-aktualnosci","clearfix"],"_links":{"self":[{"href":"https:\/\/przedszkole136.edu.wroclaw.pl\/index.php\/wp-json\/wp\/v2\/posts\/2541","targetHints":{"allow":["GET"]}}],"collection":[{"href":"https:\/\/przedszkole136.edu.wroclaw.pl\/index.php\/wp-json\/wp\/v2\/posts"}],"about":[{"href":"https:\/\/przedszkole136.edu.wroclaw.pl\/index.php\/wp-json\/wp\/v2\/types\/post"}],"author":[{"embeddable":true,"href":"https:\/\/przedszkole136.edu.wroclaw.pl\/index.php\/wp-json\/wp\/v2\/users\/190"}],"replies":[{"embeddable":true,"href":"https:\/\/przedszkole136.edu.wroclaw.pl\/index.php\/wp-json\/wp\/v2\/comments?post=2541"}],"version-history":[{"count":1,"href":"https:\/\/przedszkole136.edu.wroclaw.pl\/index.php\/wp-json\/wp\/v2\/posts\/2541\/revisions"}],"predecessor-version":[{"id":4177,"href":"https:\/\/przedszkole136.edu.wroclaw.pl\/index.php\/wp-json\/wp\/v2\/posts\/2541\/revisions\/4177"}],"wp:featuredmedia":[{"embeddable":true,"href":"https:\/\/przedszkole136.edu.wroclaw.pl\/index.php\/wp-json\/"}],"wp:attachment":[{"href":"https:\/\/przedszkole136.edu.wroclaw.pl\/index.php\/wp-json\/wp\/v2\/media?parent=2541"}],"wp:term":[{"taxonomy":"category","embeddable":true,"href":"https:\/\/przedszkole136.edu.wroclaw.pl\/index.php\/wp-json\/wp\/v2\/categories?post=2541"},{"taxonomy":"post_tag","embeddable":true,"href":"https:\/\/przedszkole136.edu.wroclaw.pl\/index.php\/wp-json\/wp\/v2\/tags?post=2541"}],"curies":[{"name":"wp","href":"https:\/\/api.w.org\/{rel}","templated":true}]}}