
{"id":2417,"date":"2020-01-30T15:19:53","date_gmt":"2020-01-30T14:19:53","guid":{"rendered":"http:\/\/maly-sportowiec.pl\/?p=2417"},"modified":"2021-04-08T08:13:28","modified_gmt":"2021-04-08T06:13:28","slug":"spotkanie-rady-rodzicow","status":"publish","type":"post","link":"https:\/\/przedszkole136.edu.wroclaw.pl\/index.php\/2020\/01\/30\/spotkanie-rady-rodzicow\/","title":{"rendered":"Spotkanie Rady Rodzic\u00f3w"},"content":{"rendered":"<p>\t\t\t\tDyrektor Przedszkola nr 136 &#8222;Ma\u0142y Sportowiec&#8221; zaprasza na spotkanie Rady Rodzic\u00f3w, kt\u00f3re odb\u0119dzie si\u0119 dnia 03.02.2020 (poniedzia\u0142ek) o godzinie 15.30.\t\t<\/p>\n","protected":false},"excerpt":{"rendered":"<p>Dyrektor Przedszkola nr 136 &#8222;Ma\u0142y Sportowiec&#8221; zaprasza na spotkanie Rady Rodzic\u00f3w, kt\u00f3re odb\u0119dzie si\u0119 dnia 03.02.2020 (poniedzia\u0142ek) o godzinie 15.30.<\/p>\n","protected":false},"author":190,"featured_media":2418,"comment_status":"open","ping_status":"open","sticky":false,"template":"","format":"standard","meta":{"ngg_post_thumbnail":0,"footnotes":""},"categories":[1],"tags":[],"class_list":["post-2417","post","type-post","status-publish","format-standard","has-post-thumbnail","hentry","category-aktualnosci","clearfix"],"_links":{"self":[{"href":"https:\/\/przedszkole136.edu.wroclaw.pl\/index.php\/wp-json\/wp\/v2\/posts\/2417","targetHints":{"allow":["GET"]}}],"collection":[{"href":"https:\/\/przedszkole136.edu.wroclaw.pl\/index.php\/wp-json\/wp\/v2\/posts"}],"about":[{"href":"https:\/\/przedszkole136.edu.wroclaw.pl\/index.php\/wp-json\/wp\/v2\/types\/post"}],"author":[{"embeddable":true,"href":"https:\/\/przedszkole136.edu.wroclaw.pl\/index.php\/wp-json\/wp\/v2\/users\/190"}],"replies":[{"embeddable":true,"href":"https:\/\/przedszkole136.edu.wroclaw.pl\/index.php\/wp-json\/wp\/v2\/comments?post=2417"}],"version-history":[{"count":1,"href":"https:\/\/przedszkole136.edu.wroclaw.pl\/index.php\/wp-json\/wp\/v2\/posts\/2417\/revisions"}],"predecessor-version":[{"id":4195,"href":"https:\/\/przedszkole136.edu.wroclaw.pl\/index.php\/wp-json\/wp\/v2\/posts\/2417\/revisions\/4195"}],"wp:featuredmedia":[{"embeddable":true,"href":"https:\/\/przedszkole136.edu.wroclaw.pl\/index.php\/wp-json\/"}],"wp:attachment":[{"href":"https:\/\/przedszkole136.edu.wroclaw.pl\/index.php\/wp-json\/wp\/v2\/media?parent=2417"}],"wp:term":[{"taxonomy":"category","embeddable":true,"href":"https:\/\/przedszkole136.edu.wroclaw.pl\/index.php\/wp-json\/wp\/v2\/categories?post=2417"},{"taxonomy":"post_tag","embeddable":true,"href":"https:\/\/przedszkole136.edu.wroclaw.pl\/index.php\/wp-json\/wp\/v2\/tags?post=2417"}],"curies":[{"name":"wp","href":"https:\/\/api.w.org\/{rel}","templated":true}]}}