
{"id":2372,"date":"2020-01-03T10:46:59","date_gmt":"2020-01-03T09:46:59","guid":{"rendered":"http:\/\/maly-sportowiec.pl\/?p=2372"},"modified":"2021-04-08T08:13:28","modified_gmt":"2021-04-08T06:13:28","slug":"kiermasz-swiateczny","status":"publish","type":"post","link":"https:\/\/przedszkole136.edu.wroclaw.pl\/index.php\/2020\/01\/03\/kiermasz-swiateczny\/","title":{"rendered":"Kiermasz \u015awi\u0105teczny"},"content":{"rendered":"<p>\t\t\t\tBardzo dzi\u0119kujemy wszystkim, kt\u00f3rzy zaanga\u017cowali si\u0119 w organizacj\u0119 KIERMASZU \u015aWI\u0104TECZNEGO.\t\t<\/p>\n","protected":false},"excerpt":{"rendered":"<p>Bardzo dzi\u0119kujemy wszystkim, kt\u00f3rzy zaanga\u017cowali si\u0119 w organizacj\u0119 KIERMASZU \u015aWI\u0104TECZNEGO.<\/p>\n","protected":false},"author":190,"featured_media":2373,"comment_status":"open","ping_status":"open","sticky":false,"template":"","format":"standard","meta":{"ngg_post_thumbnail":0,"footnotes":""},"categories":[1],"tags":[],"class_list":["post-2372","post","type-post","status-publish","format-standard","has-post-thumbnail","hentry","category-aktualnosci","clearfix"],"_links":{"self":[{"href":"https:\/\/przedszkole136.edu.wroclaw.pl\/index.php\/wp-json\/wp\/v2\/posts\/2372","targetHints":{"allow":["GET"]}}],"collection":[{"href":"https:\/\/przedszkole136.edu.wroclaw.pl\/index.php\/wp-json\/wp\/v2\/posts"}],"about":[{"href":"https:\/\/przedszkole136.edu.wroclaw.pl\/index.php\/wp-json\/wp\/v2\/types\/post"}],"author":[{"embeddable":true,"href":"https:\/\/przedszkole136.edu.wroclaw.pl\/index.php\/wp-json\/wp\/v2\/users\/190"}],"replies":[{"embeddable":true,"href":"https:\/\/przedszkole136.edu.wroclaw.pl\/index.php\/wp-json\/wp\/v2\/comments?post=2372"}],"version-history":[{"count":1,"href":"https:\/\/przedszkole136.edu.wroclaw.pl\/index.php\/wp-json\/wp\/v2\/posts\/2372\/revisions"}],"predecessor-version":[{"id":4205,"href":"https:\/\/przedszkole136.edu.wroclaw.pl\/index.php\/wp-json\/wp\/v2\/posts\/2372\/revisions\/4205"}],"wp:featuredmedia":[{"embeddable":true,"href":"https:\/\/przedszkole136.edu.wroclaw.pl\/index.php\/wp-json\/"}],"wp:attachment":[{"href":"https:\/\/przedszkole136.edu.wroclaw.pl\/index.php\/wp-json\/wp\/v2\/media?parent=2372"}],"wp:term":[{"taxonomy":"category","embeddable":true,"href":"https:\/\/przedszkole136.edu.wroclaw.pl\/index.php\/wp-json\/wp\/v2\/categories?post=2372"},{"taxonomy":"post_tag","embeddable":true,"href":"https:\/\/przedszkole136.edu.wroclaw.pl\/index.php\/wp-json\/wp\/v2\/tags?post=2372"}],"curies":[{"name":"wp","href":"https:\/\/api.w.org\/{rel}","templated":true}]}}